{"id":59232,"date":"2024-10-04T10:50:58","date_gmt":"2024-10-04T16:50:58","guid":{"rendered":"https:\/\/encuentroinformativo.com.mx\/?p=59232"},"modified":"2024-10-04T10:51:05","modified_gmt":"2024-10-04T16:51:05","slug":"mujeres-de-la-zona-rural-de-veracruz-se-suman-al-afrocaribeno-2024","status":"publish","type":"post","link":"https:\/\/encuentroinformativo.com.mx\/?p=59232","title":{"rendered":"Mujeres de la zona rural de Veracruz se suman al Afrocaribe\u00f1o 2024"},"content":{"rendered":"\n<p><strong>Alejandro \u00c1vila<\/strong><\/p>\n\n\n\n<p>Veracruz, Ver.- El Ayuntamiento de Veracruz logr\u00f3 gestionar que mujeres de la zona rural del municipio se sumar\u00e1n a las actividades del Festival Afrocaribe\u00f1o 2024; por lo que el pr\u00f3ximo 5 de octubre realizar\u00e1n un concierto con exposici\u00f3n gastron\u00f3mica y artesanal en el parque kiosco del fraccionamiento Dorado Real.<\/p>\n\n\n\n<p>Susana Mendoza Vicente, presidenta del Colectivo &#8220;Impulsa Mujer Rural&#8221;, mencion\u00f3 que adem\u00e1s de las presentaciones art\u00edsticas de los grupos &#8220;Nanche y Jobo&#8221; y &#8220;La F\u00f3rmula del Son&#8221;, habr\u00e1 casi 50 expositoras gastron\u00f3micas y manualidades.<\/p>\n\n\n\n<p>&#8220;Vamos a tener la participaci\u00f3n de lo que es Ponte Guapa, van a poder ponerse cejas, pesta\u00f1as, corte de cabello y va a haber muchas otras actividades en las que puede integrarse la familia&#8221;, expres\u00f3.<\/p>\n\n\n\n<p>Susana Mendoza mencion\u00f3 que a mediados del mes de octubre en el Cabildo del Ayuntamiento de Veracruz, la presidenta municipal, Patricia Lobeira, reconocer\u00e1 a las integrantes del Colectivo &#8220;Impulsa Mujer Rural&#8221;, por las aportaciones que han dado a la sociedad de las localidades de Dos Lomas, Tejer\u00eda, Santa Rita, Santa Fe Vargas, San Juli\u00e1n, entre otras.<\/p>\n\n\n\n<p>&#8220;Ha sido un empoderamiento grand\u00edsimo, son tres a\u00f1os, han sido mujeres que hemos visto crecer d\u00eda con d\u00eda, que en este momento tienen extra y, de hecho vamos a tener del 21 al 31 unos talleres comunitarios en varias zonas de aqu\u00ed, Tejer\u00eda, Santa Fe, y seguimos integrando a la comunidad rural (\u2026) es por temporada y despu\u00e9s vemos tambi\u00e9n la zona, normalmente hacemos talleres de u\u00f1as, de reposter\u00eda, de pi\u00f1ata, y tomamos en cuenta todas las recomendaciones, las observaciones, y a partir de esos que se van formando los talleres, con las necesidades de cada zona&#8221;, se\u00f1al\u00f3.<\/p>\n\n\n\n<p>Finalmente, dijo que el pr\u00f3ximo 30 de octubre se realizar\u00e1 en el parque de Tejer\u00eda un concurso de altares, donde participar\u00e1n todas las escuelas de la zona rural.<\/p>\n","protected":false},"excerpt":{"rendered":"<p>Alejandro \u00c1vila Veracruz, Ver.- El Ayuntamiento de Veracruz logr\u00f3 gestionar que mujeres de la zona rural del municipio se sumar\u00e1n a las actividades del Festival Afrocaribe\u00f1o 2024; por lo que el pr\u00f3ximo 5 de octubre realizar\u00e1n un concierto con exposici\u00f3n gastron\u00f3mica y artesanal en el parque kiosco del fraccionamiento Dorado Real. Susana Mendoza Vicente, presidenta [&hellip;]<\/p>\n","protected":false},"author":2476,"featured_media":59233,"comment_status":"open","ping_status":"open","sticky":false,"template":"","format":"standard","meta":{"_jetpack_memberships_contains_paid_content":false,"footnotes":""},"categories":[2],"tags":[],"class_list":["post-59232","post","type-post","status-publish","format-standard","has-post-thumbnail","hentry","category-estado"],"jetpack_featured_media_url":"https:\/\/encuentroinformativo.com.mx\/wp-content\/uploads\/2024\/10\/IMG-20241004-WA0009.jpg","jetpack_sharing_enabled":true,"jetpack_likes_enabled":true,"amp_enabled":true,"_links":{"self":[{"href":"https:\/\/encuentroinformativo.com.mx\/index.php?rest_route=\/wp\/v2\/posts\/59232","targetHints":{"allow":["GET"]}}],"collection":[{"href":"https:\/\/encuentroinformativo.com.mx\/index.php?rest_route=\/wp\/v2\/posts"}],"about":[{"href":"https:\/\/encuentroinformativo.com.mx\/index.php?rest_route=\/wp\/v2\/types\/post"}],"author":[{"embeddable":true,"href":"https:\/\/encuentroinformativo.com.mx\/index.php?rest_route=\/wp\/v2\/users\/2476"}],"replies":[{"embeddable":true,"href":"https:\/\/encuentroinformativo.com.mx\/index.php?rest_route=%2Fwp%2Fv2%2Fcomments&post=59232"}],"version-history":[{"count":1,"href":"https:\/\/encuentroinformativo.com.mx\/index.php?rest_route=\/wp\/v2\/posts\/59232\/revisions"}],"predecessor-version":[{"id":59234,"href":"https:\/\/encuentroinformativo.com.mx\/index.php?rest_route=\/wp\/v2\/posts\/59232\/revisions\/59234"}],"wp:featuredmedia":[{"embeddable":true,"href":"https:\/\/encuentroinformativo.com.mx\/index.php?rest_route=\/wp\/v2\/media\/59233"}],"wp:attachment":[{"href":"https:\/\/encuentroinformativo.com.mx\/index.php?rest_route=%2Fwp%2Fv2%2Fmedia&parent=59232"}],"wp:term":[{"taxonomy":"category","embeddable":true,"href":"https:\/\/encuentroinformativo.com.mx\/index.php?rest_route=%2Fwp%2Fv2%2Fcategories&post=59232"},{"taxonomy":"post_tag","embeddable":true,"href":"https:\/\/encuentroinformativo.com.mx\/index.php?rest_route=%2Fwp%2Fv2%2Ftags&post=59232"}],"curies":[{"name":"wp","href":"https:\/\/api.w.org\/{rel}","templated":true}]}}