{"id":59238,"date":"2024-10-04T11:59:50","date_gmt":"2024-10-04T17:59:50","guid":{"rendered":"https:\/\/encuentroinformativo.com.mx\/?p=59238"},"modified":"2024-10-04T11:59:56","modified_gmt":"2024-10-04T17:59:56","slug":"logran-imputacion-de-yesica-n-por-trata-de-personas","status":"publish","type":"post","link":"https:\/\/encuentroinformativo.com.mx\/?p=59238","title":{"rendered":"Logran imputaci\u00f3n de Yesica N por trata de personas"},"content":{"rendered":"\n<p><strong>Dar\u00edo Pale <\/strong><\/p>\n\n\n\n<p>Xalapa, Ver.- La Fiscal\u00eda General del Estado (FGE), imputo a Yesica \u201cN\u201d, por el delito de trata de personas en agravio de seis mujeres de nacionalidad colombiana, por lo que dict\u00f3 el Juez como medida cautelar prisi\u00f3n preventiva justificada por dos a\u00f1os, dentro del proceso penal 1188\/2024.<\/p>\n\n\n\n<p>Mediante un comunicado la FGE, logr\u00f3 la imputaci\u00f3n en contra de Yesica Anah\u00ed \u201cN\u201d, como probable responsable del delito de trata de personas, con fines de explotaci\u00f3n sexual, en agravio de seis mujeres de nacionalidad colombiana, rescatadas el pasado 1 de octubre en el municipio de Boca del R\u00edo.<\/p>\n\n\n\n<p>Con base en un comunicado, las v\u00edctimas revelaron la manera correlacionada por la que fueron contactadas por la hoy imputada en diferentes lugares y fechas.<\/p>\n\n\n\n<p>Luego fueron trasladadas a varios sitios, en particular a un inmueble ubicado en la ciudad de Boca del R\u00edo, Veracruz.&nbsp;<\/p>\n\n\n\n<p>En dicho lugar las v\u00edctimas fueron recibidas y alojadas por la investigada con fines de explotaci\u00f3n sexual.<\/p>\n\n\n\n<p>La Fiscal\u00eda revel\u00f3 que Yesica Anah\u00ed N las publicitaba para ofrecer servicios sexuales y de acompa\u00f1amiento a hombres que la contactaban.&nbsp;<\/p>\n\n\n\n<p>Por estos servicios, la imputada se beneficiaba econ\u00f3micamente, ya que las v\u00edctimas le entregaban diversas cantidades de dinero, de las cuales ella se quedaba con la mayor parte de la ganancia.<\/p>\n\n\n\n<p>De esta manera la Fiscal\u00eda logr\u00f3 que un juez dictara como medida cautelar prisi\u00f3n preventiva justificada por el t\u00e9rmino de dos a\u00f1os, dentro del proceso penal 1188\/2024.<\/p>\n","protected":false},"excerpt":{"rendered":"<p>Dar\u00edo Pale Xalapa, Ver.- La Fiscal\u00eda General del Estado (FGE), imputo a Yesica \u201cN\u201d, por el delito de trata de personas en agravio de seis mujeres de nacionalidad colombiana, por lo que dict\u00f3 el Juez como medida cautelar prisi\u00f3n preventiva justificada por dos a\u00f1os, dentro del proceso penal 1188\/2024. Mediante un comunicado la FGE, logr\u00f3 [&hellip;]<\/p>\n","protected":false},"author":2476,"featured_media":59239,"comment_status":"open","ping_status":"open","sticky":false,"template":"","format":"standard","meta":{"_jetpack_memberships_contains_paid_content":false,"footnotes":""},"categories":[2],"tags":[],"class_list":["post-59238","post","type-post","status-publish","format-standard","has-post-thumbnail","hentry","category-estado"],"jetpack_featured_media_url":"https:\/\/encuentroinformativo.com.mx\/wp-content\/uploads\/2024\/10\/IMG-20241004-WA0019.jpg","jetpack_sharing_enabled":true,"jetpack_likes_enabled":true,"amp_enabled":true,"_links":{"self":[{"href":"https:\/\/encuentroinformativo.com.mx\/index.php?rest_route=\/wp\/v2\/posts\/59238","targetHints":{"allow":["GET"]}}],"collection":[{"href":"https:\/\/encuentroinformativo.com.mx\/index.php?rest_route=\/wp\/v2\/posts"}],"about":[{"href":"https:\/\/encuentroinformativo.com.mx\/index.php?rest_route=\/wp\/v2\/types\/post"}],"author":[{"embeddable":true,"href":"https:\/\/encuentroinformativo.com.mx\/index.php?rest_route=\/wp\/v2\/users\/2476"}],"replies":[{"embeddable":true,"href":"https:\/\/encuentroinformativo.com.mx\/index.php?rest_route=%2Fwp%2Fv2%2Fcomments&post=59238"}],"version-history":[{"count":1,"href":"https:\/\/encuentroinformativo.com.mx\/index.php?rest_route=\/wp\/v2\/posts\/59238\/revisions"}],"predecessor-version":[{"id":59240,"href":"https:\/\/encuentroinformativo.com.mx\/index.php?rest_route=\/wp\/v2\/posts\/59238\/revisions\/59240"}],"wp:featuredmedia":[{"embeddable":true,"href":"https:\/\/encuentroinformativo.com.mx\/index.php?rest_route=\/wp\/v2\/media\/59239"}],"wp:attachment":[{"href":"https:\/\/encuentroinformativo.com.mx\/index.php?rest_route=%2Fwp%2Fv2%2Fmedia&parent=59238"}],"wp:term":[{"taxonomy":"category","embeddable":true,"href":"https:\/\/encuentroinformativo.com.mx\/index.php?rest_route=%2Fwp%2Fv2%2Fcategories&post=59238"},{"taxonomy":"post_tag","embeddable":true,"href":"https:\/\/encuentroinformativo.com.mx\/index.php?rest_route=%2Fwp%2Fv2%2Ftags&post=59238"}],"curies":[{"name":"wp","href":"https:\/\/api.w.org\/{rel}","templated":true}]}}