{"id":59241,"date":"2024-10-04T13:31:36","date_gmt":"2024-10-04T19:31:36","guid":{"rendered":"https:\/\/encuentroinformativo.com.mx\/?p=59241"},"modified":"2024-10-04T13:31:42","modified_gmt":"2024-10-04T19:31:42","slug":"invitan-a-tercer-festival-del-cempasuchil-en-san-pablo-coapan","status":"publish","type":"post","link":"https:\/\/encuentroinformativo.com.mx\/?p=59241","title":{"rendered":"Invitan a tercer Festival del Cempas\u00fachil en San Pablo Coapan"},"content":{"rendered":"\n<p><strong>Dar\u00edo Pale <\/strong><\/p>\n\n\n\n<p>Xalapa, Ver.- El director de Turismo Municipal, Arturo Escobar, dio a conocer que del 19 de octubre al 3 de noviembre se realizar\u00e1 la tercera edici\u00f3n del Festival del Cempas\u00fachil en San Pablo Coapan en el municipio de Naolinco.\u00a0<\/p>\n\n\n\n<p>En entrevista, indic\u00f3 que se espera superar las expectativas del a\u00f1o pasado, cuando tan solo el primer fin de semana se registr\u00f3 una afluencia de m\u00e1s de 6 mil personas.\u00a0<\/p>\n\n\n\n<p>Se\u00f1al\u00f3 que para estas fechas se activar\u00e1n diversos campos de cempas\u00fachil para la gente que quiera adquirir su flor directamente con los productores y para quienes van a tomarse la fotograf\u00eda y videos.<\/p>\n\n\n\n<p>Dijo que la inauguraci\u00f3n se llevar\u00e1 a cabo el 19 de octubre a las 11:00 horas con la presencia de autoridades locales, representantes del comit\u00e9 y ciudadan\u00eda en general.<\/p>\n\n\n\n<p>Abund\u00f3 que al anochecer del 19 y 20 de octubre se har\u00e1 una caminata nocturna al templo de Santa Mar\u00eda Magdalena, edificaci\u00f3n del siglo XVIII, adem\u00e1s una funci\u00f3n de teatro en el cementerio de la localidad con leyendas locales y la participaci\u00f3n de talento local y regional.\u00a0<\/p>\n\n\n\n<p>Por \u00faltimo tambi\u00e9n anunci\u00f3 que se colocar\u00e1 un mercado local con productos regionales y tradicionales, como dulces, pan, chocolate y tamales.<\/p>\n\n\n\n<figure class=\"wp-block-image size-large\"><img loading=\"lazy\" decoding=\"async\" width=\"640\" height=\"960\" src=\"https:\/\/encuentroinformativo.com.mx\/wp-content\/uploads\/2024\/10\/1000399859.jpg\" alt=\"\" class=\"wp-image-59243\" srcset=\"https:\/\/encuentroinformativo.com.mx\/wp-content\/uploads\/2024\/10\/1000399859.jpg 640w, https:\/\/encuentroinformativo.com.mx\/wp-content\/uploads\/2024\/10\/1000399859-200x300.jpg 200w\" sizes=\"auto, (max-width: 640px) 100vw, 640px\" \/><\/figure>\n","protected":false},"excerpt":{"rendered":"<p>Dar\u00edo Pale Xalapa, Ver.- El director de Turismo Municipal, Arturo Escobar, dio a conocer que del 19 de octubre al 3 de noviembre se realizar\u00e1 la tercera edici\u00f3n del Festival del Cempas\u00fachil en San Pablo Coapan en el municipio de Naolinco.\u00a0 En entrevista, indic\u00f3 que se espera superar las expectativas del a\u00f1o pasado, cuando tan [&hellip;]<\/p>\n","protected":false},"author":2476,"featured_media":59242,"comment_status":"open","ping_status":"open","sticky":false,"template":"","format":"standard","meta":{"_jetpack_memberships_contains_paid_content":false,"footnotes":""},"categories":[8],"tags":[],"class_list":["post-59241","post","type-post","status-publish","format-standard","has-post-thumbnail","hentry","category-region"],"jetpack_featured_media_url":"https:\/\/encuentroinformativo.com.mx\/wp-content\/uploads\/2024\/10\/IMG-20241004-WA0023.jpg","jetpack_sharing_enabled":true,"jetpack_likes_enabled":true,"amp_enabled":true,"_links":{"self":[{"href":"https:\/\/encuentroinformativo.com.mx\/index.php?rest_route=\/wp\/v2\/posts\/59241","targetHints":{"allow":["GET"]}}],"collection":[{"href":"https:\/\/encuentroinformativo.com.mx\/index.php?rest_route=\/wp\/v2\/posts"}],"about":[{"href":"https:\/\/encuentroinformativo.com.mx\/index.php?rest_route=\/wp\/v2\/types\/post"}],"author":[{"embeddable":true,"href":"https:\/\/encuentroinformativo.com.mx\/index.php?rest_route=\/wp\/v2\/users\/2476"}],"replies":[{"embeddable":true,"href":"https:\/\/encuentroinformativo.com.mx\/index.php?rest_route=%2Fwp%2Fv2%2Fcomments&post=59241"}],"version-history":[{"count":1,"href":"https:\/\/encuentroinformativo.com.mx\/index.php?rest_route=\/wp\/v2\/posts\/59241\/revisions"}],"predecessor-version":[{"id":59244,"href":"https:\/\/encuentroinformativo.com.mx\/index.php?rest_route=\/wp\/v2\/posts\/59241\/revisions\/59244"}],"wp:featuredmedia":[{"embeddable":true,"href":"https:\/\/encuentroinformativo.com.mx\/index.php?rest_route=\/wp\/v2\/media\/59242"}],"wp:attachment":[{"href":"https:\/\/encuentroinformativo.com.mx\/index.php?rest_route=%2Fwp%2Fv2%2Fmedia&parent=59241"}],"wp:term":[{"taxonomy":"category","embeddable":true,"href":"https:\/\/encuentroinformativo.com.mx\/index.php?rest_route=%2Fwp%2Fv2%2Fcategories&post=59241"},{"taxonomy":"post_tag","embeddable":true,"href":"https:\/\/encuentroinformativo.com.mx\/index.php?rest_route=%2Fwp%2Fv2%2Ftags&post=59241"}],"curies":[{"name":"wp","href":"https:\/\/api.w.org\/{rel}","templated":true}]}}