{"id":59245,"date":"2024-10-04T17:34:57","date_gmt":"2024-10-04T23:34:57","guid":{"rendered":"https:\/\/encuentroinformativo.com.mx\/?p=59245"},"modified":"2024-10-04T17:35:05","modified_gmt":"2024-10-04T23:35:05","slug":"piden-intervencion-de-claudia-sheinbaum-por-secuestro-de-marinos-mexicanos-en-mar-rojo","status":"publish","type":"post","link":"https:\/\/encuentroinformativo.com.mx\/?p=59245","title":{"rendered":"Piden intervenci\u00f3n de Claudia Sheinbaum por secuestro de marinos mexicanos en Mar Rojo"},"content":{"rendered":"\n<p><strong>Alejandro \u00c1vila<\/strong><\/p>\n\n\n\n<p>Veracruz, Ver.- Familiares de los dos marinos mexicanos que se encuentran cautivos en un buque en el Mar Rojo, solicitan el apoyo de la presidenta, Claudia Sheinbaum Pardo, para que busque la liberaci\u00f3n de los navales.<\/p>\n\n\n\n<p>Al enterarse de la visita de la Ejecutiva Nacional al Puerto de Veracruz para encabezar el desfile conmemorativo de los 203 aniversario ya la Secretar\u00eda de Marina, familiares de Arturo Zacar\u00edas Meza y Manuel Rol\u00f3n, decidieron presentarse para entregarle una carta donde le solicitan su apoyo.<\/p>\n\n\n\n<p>Es de recordar que los dos marinos mercantes mexicanos viajaban en el buque ingl\u00e9s &#8220;Galaxy Leader&#8221; que fue secuestrado el 19 de noviembre del 2023 en el Mar Rojo, por un grupo de hut\u00edes, los cuales exigen el cese a la guerra entre Israel y Palestina en la franja de Gaza.<\/p>\n\n\n\n<p>&#8220;Est\u00e1n desesperados, ya siente que no van a regresar a sus hogares. Ya llevamos un a\u00f1o seis meses de no verlos (\u2026) parece ser que s\u00ed les dejan hacer alguna actividad f\u00edsica, pero la mayor parte del tiempo est\u00e1n sin hacer nada, cuando hay alguna actividad que hay que hacerle al barco pues ellos son los encargados de hacerlo, pero mientras el barco est\u00e1 en buenas condiciones no hacen nada&#8221;, dijo la madre de Arturo Zacar\u00edas.<\/p>\n\n\n\n<p>Los familiares de los dos tripulantes solicitaron tambi\u00e9n la intervenci\u00f3n del actual Canciller, Juan Ram\u00f3n de la Fuente, para que realice las gestiones pertinentes y los dos marinos mexicanos pueden ser liberados.<\/p>\n","protected":false},"excerpt":{"rendered":"<p>Alejandro \u00c1vila Veracruz, Ver.- Familiares de los dos marinos mexicanos que se encuentran cautivos en un buque en el Mar Rojo, solicitan el apoyo de la presidenta, Claudia Sheinbaum Pardo, para que busque la liberaci\u00f3n de los navales. Al enterarse de la visita de la Ejecutiva Nacional al Puerto de Veracruz para encabezar el desfile [&hellip;]<\/p>\n","protected":false},"author":2476,"featured_media":59246,"comment_status":"open","ping_status":"open","sticky":false,"template":"","format":"standard","meta":{"_jetpack_memberships_contains_paid_content":false,"footnotes":""},"categories":[2],"tags":[],"class_list":["post-59245","post","type-post","status-publish","format-standard","has-post-thumbnail","hentry","category-estado"],"jetpack_featured_media_url":"https:\/\/encuentroinformativo.com.mx\/wp-content\/uploads\/2024\/10\/IMG-20241004-WA0071.jpg","jetpack_sharing_enabled":true,"jetpack_likes_enabled":true,"amp_enabled":true,"_links":{"self":[{"href":"https:\/\/encuentroinformativo.com.mx\/index.php?rest_route=\/wp\/v2\/posts\/59245","targetHints":{"allow":["GET"]}}],"collection":[{"href":"https:\/\/encuentroinformativo.com.mx\/index.php?rest_route=\/wp\/v2\/posts"}],"about":[{"href":"https:\/\/encuentroinformativo.com.mx\/index.php?rest_route=\/wp\/v2\/types\/post"}],"author":[{"embeddable":true,"href":"https:\/\/encuentroinformativo.com.mx\/index.php?rest_route=\/wp\/v2\/users\/2476"}],"replies":[{"embeddable":true,"href":"https:\/\/encuentroinformativo.com.mx\/index.php?rest_route=%2Fwp%2Fv2%2Fcomments&post=59245"}],"version-history":[{"count":1,"href":"https:\/\/encuentroinformativo.com.mx\/index.php?rest_route=\/wp\/v2\/posts\/59245\/revisions"}],"predecessor-version":[{"id":59247,"href":"https:\/\/encuentroinformativo.com.mx\/index.php?rest_route=\/wp\/v2\/posts\/59245\/revisions\/59247"}],"wp:featuredmedia":[{"embeddable":true,"href":"https:\/\/encuentroinformativo.com.mx\/index.php?rest_route=\/wp\/v2\/media\/59246"}],"wp:attachment":[{"href":"https:\/\/encuentroinformativo.com.mx\/index.php?rest_route=%2Fwp%2Fv2%2Fmedia&parent=59245"}],"wp:term":[{"taxonomy":"category","embeddable":true,"href":"https:\/\/encuentroinformativo.com.mx\/index.php?rest_route=%2Fwp%2Fv2%2Fcategories&post=59245"},{"taxonomy":"post_tag","embeddable":true,"href":"https:\/\/encuentroinformativo.com.mx\/index.php?rest_route=%2Fwp%2Fv2%2Ftags&post=59245"}],"curies":[{"name":"wp","href":"https:\/\/api.w.org\/{rel}","templated":true}]}}