{"id":59252,"date":"2024-10-04T19:03:32","date_gmt":"2024-10-05T01:03:32","guid":{"rendered":"https:\/\/encuentroinformativo.com.mx\/?p=59252"},"modified":"2024-10-04T19:03:37","modified_gmt":"2024-10-05T01:03:37","slug":"desde-el-2018-las-reformas-a-la-constitucion-recuperaron-su-esencia-social-claudia-sheinbaum","status":"publish","type":"post","link":"https:\/\/encuentroinformativo.com.mx\/?p=59252","title":{"rendered":"Desde el 2018 las reformas a la Constituci\u00f3n recuperaron su esencia social: Claudia Sheinbaum"},"content":{"rendered":"\n<p><strong>Alejandro \u00c1vila<\/strong><\/p>\n\n\n\n<p>Veracruz, Ver.- La presidenta de M\u00e9xico Claudia Sheinbaum Pardo, asegur\u00f3 que a partir del 2018, las reformas a la Constituci\u00f3n de 1917 recuperaron la esencia social que se hab\u00eda perdido desde 1892.<\/p>\n\n\n\n<p>Como Comandanta Suprema de las fuerzas armadas, encabez\u00f3 el desfile del 203 aniversario de la Secretar\u00eda de Marina Armada de M\u00e9xico, al tiempo que destac\u00f3 la conmemoraci\u00f3n de los 200 a\u00f1os de la Constituci\u00f3n de 1824.<\/p>\n\n\n\n<p>&#8220;La Constituci\u00f3n de 1824 es producto de la Guerra de Independencia, la de 1857 de la Guerra de Reforma, y la de 1917 de la Revoluci\u00f3n Mexicana, en los tres casos surgieron de mentes brillantes que representaban en ese momento los anhelos del pueblo de M\u00e9xico, vale la pena sin embargo mencionar, que la Constituci\u00f3n del 17 sufre varias reformas en el per\u00edodo de 1892 al a\u00f1o 2018, que en este caso surgieron de arriba para abajo, la gran mayor\u00eda de ellas en contra de los intereses del pueblo y de la naci\u00f3n, pero en el 2018 inicia la Cuarta Transformaci\u00f3n de la vida p\u00fablica de M\u00e9xico, y las reformas a partir de entonces de la Constituci\u00f3n, recuperan nuevamente la esencia social de la Constituci\u00f3n, y hacen de M\u00e9xico un pa\u00eds m\u00e1s justo, libre, independiente, democr\u00e1tico, soberano e igualitario&#8221;, expres\u00f3.<\/p>\n\n\n\n<p>Con la presencia de Raymundo Pedro Morales \u00c1ngeles, secretario de Marina; Ricardo Trevilla Trejo; secretario de la Defensa Nacional; Cuitl\u00e1huac Garc\u00eda Jim\u00e9nez, gobernador de Veracruz; y Roc\u00edo Nahle Garc\u00eda, gobernadora electa de Veracruz; se realiz\u00f3 la tarde de este viernes 3 de octubre el desfile mar\u00edtimo, a\u00e9reo y terrestre de la Secretar\u00eda de Marina Armada de M\u00e9xico, mismo que se llev\u00f3 a cabo en el Malec\u00f3n de la ciudad de Veracruz y que culmin\u00f3 en la Plaza de la Soberan\u00eda sobre el bulevar Manuel \u00c1vila Camacho.<\/p>\n\n\n\n<figure class=\"wp-block-image size-large\"><img loading=\"lazy\" decoding=\"async\" width=\"1024\" height=\"462\" src=\"https:\/\/encuentroinformativo.com.mx\/wp-content\/uploads\/2024\/10\/1000400081-1024x462.jpg\" alt=\"\" class=\"wp-image-59254\" srcset=\"https:\/\/encuentroinformativo.com.mx\/wp-content\/uploads\/2024\/10\/1000400081-1024x462.jpg 1024w, https:\/\/encuentroinformativo.com.mx\/wp-content\/uploads\/2024\/10\/1000400081-300x135.jpg 300w, https:\/\/encuentroinformativo.com.mx\/wp-content\/uploads\/2024\/10\/1000400081-768x346.jpg 768w, https:\/\/encuentroinformativo.com.mx\/wp-content\/uploads\/2024\/10\/1000400081.jpg 1156w\" sizes=\"auto, (max-width: 1024px) 100vw, 1024px\" \/><\/figure>\n","protected":false},"excerpt":{"rendered":"<p>Alejandro \u00c1vila Veracruz, Ver.- La presidenta de M\u00e9xico Claudia Sheinbaum Pardo, asegur\u00f3 que a partir del 2018, las reformas a la Constituci\u00f3n de 1917 recuperaron la esencia social que se hab\u00eda perdido desde 1892. Como Comandanta Suprema de las fuerzas armadas, encabez\u00f3 el desfile del 203 aniversario de la Secretar\u00eda de Marina Armada de M\u00e9xico, [&hellip;]<\/p>\n","protected":false},"author":2476,"featured_media":59253,"comment_status":"open","ping_status":"open","sticky":false,"template":"","format":"standard","meta":{"_jetpack_memberships_contains_paid_content":false,"footnotes":""},"categories":[2,12],"tags":[],"class_list":["post-59252","post","type-post","status-publish","format-standard","has-post-thumbnail","hentry","category-estado","category-nacional"],"jetpack_featured_media_url":"https:\/\/encuentroinformativo.com.mx\/wp-content\/uploads\/2024\/10\/IMG-20241004-WA0096.jpg","jetpack_sharing_enabled":true,"jetpack_likes_enabled":true,"amp_enabled":true,"_links":{"self":[{"href":"https:\/\/encuentroinformativo.com.mx\/index.php?rest_route=\/wp\/v2\/posts\/59252","targetHints":{"allow":["GET"]}}],"collection":[{"href":"https:\/\/encuentroinformativo.com.mx\/index.php?rest_route=\/wp\/v2\/posts"}],"about":[{"href":"https:\/\/encuentroinformativo.com.mx\/index.php?rest_route=\/wp\/v2\/types\/post"}],"author":[{"embeddable":true,"href":"https:\/\/encuentroinformativo.com.mx\/index.php?rest_route=\/wp\/v2\/users\/2476"}],"replies":[{"embeddable":true,"href":"https:\/\/encuentroinformativo.com.mx\/index.php?rest_route=%2Fwp%2Fv2%2Fcomments&post=59252"}],"version-history":[{"count":1,"href":"https:\/\/encuentroinformativo.com.mx\/index.php?rest_route=\/wp\/v2\/posts\/59252\/revisions"}],"predecessor-version":[{"id":59255,"href":"https:\/\/encuentroinformativo.com.mx\/index.php?rest_route=\/wp\/v2\/posts\/59252\/revisions\/59255"}],"wp:featuredmedia":[{"embeddable":true,"href":"https:\/\/encuentroinformativo.com.mx\/index.php?rest_route=\/wp\/v2\/media\/59253"}],"wp:attachment":[{"href":"https:\/\/encuentroinformativo.com.mx\/index.php?rest_route=%2Fwp%2Fv2%2Fmedia&parent=59252"}],"wp:term":[{"taxonomy":"category","embeddable":true,"href":"https:\/\/encuentroinformativo.com.mx\/index.php?rest_route=%2Fwp%2Fv2%2Fcategories&post=59252"},{"taxonomy":"post_tag","embeddable":true,"href":"https:\/\/encuentroinformativo.com.mx\/index.php?rest_route=%2Fwp%2Fv2%2Ftags&post=59252"}],"curies":[{"name":"wp","href":"https:\/\/api.w.org\/{rel}","templated":true}]}}