{"id":59262,"date":"2024-10-05T13:20:20","date_gmt":"2024-10-05T19:20:20","guid":{"rendered":"https:\/\/encuentroinformativo.com.mx\/?p=59262"},"modified":"2024-10-05T13:20:26","modified_gmt":"2024-10-05T19:20:26","slug":"cuestiona-gobernador-analisis-de-la-scjn-a-reforma-judicial","status":"publish","type":"post","link":"https:\/\/encuentroinformativo.com.mx\/?p=59262","title":{"rendered":"Cuestiona Gobernador an\u00e1lisis de la SCJN a Reforma Judicial"},"content":{"rendered":"\n<p><strong>Dar\u00edo Pale <\/strong><\/p>\n\n\n\n<p>Xalapa, Ver.- Prepara la Suprema Corte de Justicia de la Naci\u00f3n (SCJN) un intento de \u201cgolpe de estado\u201d, ya que el an\u00e1lisis de la reforma &#8220;jur\u00eddicamente ocioso, legalmente inconstitucional y pol\u00edticamente onminoso&#8221;, as\u00ed lo dio a conocer el gobernador del Estado, Cuitl\u00e1huac Garc\u00eda Jim\u00e9nez.<\/p>\n\n\n\n<p id=\"m_8250462306780659349docs-internal-guid-8651d115-7fff-c833-e93b-588e607af5aa\">En sus redes sociales consider\u00f3 que la Suprema Corte de Justicia de la Naci\u00f3n (SCJN) hace un amago y veladamente se prepara un intento de \u201cgolpe de estado\u201d t\u00e9cnico a la democracia.&nbsp;<\/p>\n\n\n\n<p id=\"m_8250462306780659349docs-internal-guid-8651d115-7fff-c833-e93b-588e607af5aa\">Opin\u00f3 en su red social de <em>Facebook<\/em> que el \u201can\u00e1lisis\u201d que pretende hacer la Corte sobre la reforma al Poder Judicial &#8220;es jur\u00eddicamente ocioso, legalmente inconstitucional y pol\u00edticamente onminoso (sic)&#8221;.\u00a0<\/p>\n\n\n\n<p id=\"m_8250462306780659349docs-internal-guid-8651d115-7fff-c833-e93b-588e607af5aa\">&#8220;Desde Veracruz les decimos, no lo permitiremos&#8221;, manifest\u00f3.<\/p>\n\n\n\n<p id=\"m_8250462306780659349docs-internal-guid-8651d115-7fff-c833-e93b-588e607af5aa\">Refiri\u00f3 que este viernes, desde el heroico e hist\u00f3rico Veracruz, la presidenta de M\u00e9xico, Dra. Claudia Sheinbaum, mand\u00f3 un mensaje a la naci\u00f3n subrayando que la soberan\u00eda reside en el pueblo para decidir sobre su propia Constituci\u00f3n &#8220;(democr\u00e1ticamente)&#8221;.<\/p>\n\n\n\n<p id=\"m_8250462306780659349docs-internal-guid-8651d115-7fff-c833-e93b-588e607af5aa\">Finalmente se\u00f1ala, &#8220;lo que remarc\u00f3 la Presidenta de M\u00e9xico es muy relevante en este momento porque significa que el Poder Judicial NO puede atentar contra dicha soberan\u00eda popular plasmada en la propia Constituci\u00f3n&#8221;.<\/p>\n","protected":false},"excerpt":{"rendered":"<p>Dar\u00edo Pale Xalapa, Ver.- Prepara la Suprema Corte de Justicia de la Naci\u00f3n (SCJN) un intento de \u201cgolpe de estado\u201d, ya que el an\u00e1lisis de la reforma &#8220;jur\u00eddicamente ocioso, legalmente inconstitucional y pol\u00edticamente onminoso&#8221;, as\u00ed lo dio a conocer el gobernador del Estado, Cuitl\u00e1huac Garc\u00eda Jim\u00e9nez. En sus redes sociales consider\u00f3 que la Suprema Corte [&hellip;]<\/p>\n","protected":false},"author":2476,"featured_media":59263,"comment_status":"open","ping_status":"open","sticky":false,"template":"","format":"standard","meta":{"_jetpack_memberships_contains_paid_content":false,"footnotes":""},"categories":[11],"tags":[],"class_list":["post-59262","post","type-post","status-publish","format-standard","has-post-thumbnail","hentry","category-opinion"],"jetpack_featured_media_url":"https:\/\/encuentroinformativo.com.mx\/wp-content\/uploads\/2024\/10\/IMG-20241005-WA0004.jpg","jetpack_sharing_enabled":true,"jetpack_likes_enabled":true,"amp_enabled":true,"_links":{"self":[{"href":"https:\/\/encuentroinformativo.com.mx\/index.php?rest_route=\/wp\/v2\/posts\/59262","targetHints":{"allow":["GET"]}}],"collection":[{"href":"https:\/\/encuentroinformativo.com.mx\/index.php?rest_route=\/wp\/v2\/posts"}],"about":[{"href":"https:\/\/encuentroinformativo.com.mx\/index.php?rest_route=\/wp\/v2\/types\/post"}],"author":[{"embeddable":true,"href":"https:\/\/encuentroinformativo.com.mx\/index.php?rest_route=\/wp\/v2\/users\/2476"}],"replies":[{"embeddable":true,"href":"https:\/\/encuentroinformativo.com.mx\/index.php?rest_route=%2Fwp%2Fv2%2Fcomments&post=59262"}],"version-history":[{"count":1,"href":"https:\/\/encuentroinformativo.com.mx\/index.php?rest_route=\/wp\/v2\/posts\/59262\/revisions"}],"predecessor-version":[{"id":59264,"href":"https:\/\/encuentroinformativo.com.mx\/index.php?rest_route=\/wp\/v2\/posts\/59262\/revisions\/59264"}],"wp:featuredmedia":[{"embeddable":true,"href":"https:\/\/encuentroinformativo.com.mx\/index.php?rest_route=\/wp\/v2\/media\/59263"}],"wp:attachment":[{"href":"https:\/\/encuentroinformativo.com.mx\/index.php?rest_route=%2Fwp%2Fv2%2Fmedia&parent=59262"}],"wp:term":[{"taxonomy":"category","embeddable":true,"href":"https:\/\/encuentroinformativo.com.mx\/index.php?rest_route=%2Fwp%2Fv2%2Fcategories&post=59262"},{"taxonomy":"post_tag","embeddable":true,"href":"https:\/\/encuentroinformativo.com.mx\/index.php?rest_route=%2Fwp%2Fv2%2Ftags&post=59262"}],"curies":[{"name":"wp","href":"https:\/\/api.w.org\/{rel}","templated":true}]}}