{"id":59265,"date":"2024-10-05T13:35:34","date_gmt":"2024-10-05T19:35:34","guid":{"rendered":"https:\/\/encuentroinformativo.com.mx\/?p=59265"},"modified":"2024-10-05T13:35:39","modified_gmt":"2024-10-05T19:35:39","slug":"fge-logra-vinculacion-a-proceso-de-felipe-n-por-desaparicion-de-particulares","status":"publish","type":"post","link":"https:\/\/encuentroinformativo.com.mx\/?p=59265","title":{"rendered":"FGE logra vinculaci\u00f3n a proceso de Felipe &#8220;N&#8221; por desaparici\u00f3n de particulares"},"content":{"rendered":"\n<p><strong>Dar\u00edo Pale <\/strong><\/p>\n\n\n\n<p>Xalapa, Ver.- A trav\u00e9s de un comunicado, la Fiscal\u00eda General del Estado (FGE) inform\u00f3 que la Fiscal\u00eda Especializada en Atenci\u00f3n de Denuncias por Personas Desaparecidas, obtuvo vinculaci\u00f3n a proceso en contra de Felipe \u201cN\u201d como probable responsable del delito de desaparici\u00f3n cometida por particulares, cometido en agravio de la v\u00edctima L.I.T.<\/p>\n\n\n\n<p>Felipe \u201cN\u201d presuntamente priv\u00f3 de la libertad a la v\u00edctima, ocultando su paradero. Misma que fue localizada sin vida el 8 de mayo del mismo a\u00f1o.\u00a0\u00a0<\/p>\n\n\n\n<p>Por lo anterior, el juez ratific\u00f3 la medida cautelar de prisi\u00f3n preventiva oficiosa por la temporalidad de dos a\u00f1os y estableci\u00f3 seis meses para la investigaci\u00f3n complementaria, dentro del proceso penal 659\/2024.<\/p>\n\n\n\n<p>Cabe recordar que en el mes de abril de este 2024 se denunci\u00f3 la desaparici\u00f3n de Lorena Itehua Tzompaxtle, en el municipio de Astacinga. La joven de 30 a\u00f1os era madre de familia de una menor.<\/p>\n\n\n\n<p>La Colectiva de las Altas Monta\u00f1as denunci\u00f3 la desaparici\u00f3n y acompa\u00f1\u00f3 a los familiares, que cinco meses despu\u00e9s encontr\u00f3 en unos predios de Astacinga y se se\u00f1al\u00f3 a su pareja como el presunto responsable de la privaci\u00f3n de la libertad de Lorena.\u00a0<\/p>\n\n\n\n<p>De acuerdo con el proceso penal 659\/2024, Lorena fue reportada como desaparecida el pasado 20 de abril en la localidad de Acatitla donde resid\u00eda. Seg\u00fan reportes, sus familiares perdieron toda comunicaci\u00f3n con ella a partir de ese d\u00eda<\/p>\n\n\n\n<p>Testigos de los hechos, reportaron que Feline N y la v\u00edctima sostuvieron una pelea dentro de su vivienda y despu\u00e9s ella desapareci\u00f3. A pesar de que sus familiares la buscaron por toda la regi\u00f3n y se activ\u00f3 la ficha de b\u00fasqueda, la joven madre fue encontrada muerta: estaba enterrada de manera clandestina en un lote bald\u00edo de la misma comunidad.<\/p>\n","protected":false},"excerpt":{"rendered":"<p>Dar\u00edo Pale Xalapa, Ver.- A trav\u00e9s de un comunicado, la Fiscal\u00eda General del Estado (FGE) inform\u00f3 que la Fiscal\u00eda Especializada en Atenci\u00f3n de Denuncias por Personas Desaparecidas, obtuvo vinculaci\u00f3n a proceso en contra de Felipe \u201cN\u201d como probable responsable del delito de desaparici\u00f3n cometida por particulares, cometido en agravio de la v\u00edctima L.I.T. Felipe \u201cN\u201d [&hellip;]<\/p>\n","protected":false},"author":2476,"featured_media":59266,"comment_status":"open","ping_status":"open","sticky":false,"template":"","format":"standard","meta":{"_jetpack_memberships_contains_paid_content":false,"footnotes":""},"categories":[2],"tags":[],"class_list":["post-59265","post","type-post","status-publish","format-standard","has-post-thumbnail","hentry","category-estado"],"jetpack_featured_media_url":"https:\/\/encuentroinformativo.com.mx\/wp-content\/uploads\/2024\/10\/IMG-20241005-WA00192.jpg","jetpack_sharing_enabled":true,"jetpack_likes_enabled":true,"amp_enabled":true,"_links":{"self":[{"href":"https:\/\/encuentroinformativo.com.mx\/index.php?rest_route=\/wp\/v2\/posts\/59265","targetHints":{"allow":["GET"]}}],"collection":[{"href":"https:\/\/encuentroinformativo.com.mx\/index.php?rest_route=\/wp\/v2\/posts"}],"about":[{"href":"https:\/\/encuentroinformativo.com.mx\/index.php?rest_route=\/wp\/v2\/types\/post"}],"author":[{"embeddable":true,"href":"https:\/\/encuentroinformativo.com.mx\/index.php?rest_route=\/wp\/v2\/users\/2476"}],"replies":[{"embeddable":true,"href":"https:\/\/encuentroinformativo.com.mx\/index.php?rest_route=%2Fwp%2Fv2%2Fcomments&post=59265"}],"version-history":[{"count":1,"href":"https:\/\/encuentroinformativo.com.mx\/index.php?rest_route=\/wp\/v2\/posts\/59265\/revisions"}],"predecessor-version":[{"id":59267,"href":"https:\/\/encuentroinformativo.com.mx\/index.php?rest_route=\/wp\/v2\/posts\/59265\/revisions\/59267"}],"wp:featuredmedia":[{"embeddable":true,"href":"https:\/\/encuentroinformativo.com.mx\/index.php?rest_route=\/wp\/v2\/media\/59266"}],"wp:attachment":[{"href":"https:\/\/encuentroinformativo.com.mx\/index.php?rest_route=%2Fwp%2Fv2%2Fmedia&parent=59265"}],"wp:term":[{"taxonomy":"category","embeddable":true,"href":"https:\/\/encuentroinformativo.com.mx\/index.php?rest_route=%2Fwp%2Fv2%2Fcategories&post=59265"},{"taxonomy":"post_tag","embeddable":true,"href":"https:\/\/encuentroinformativo.com.mx\/index.php?rest_route=%2Fwp%2Fv2%2Ftags&post=59265"}],"curies":[{"name":"wp","href":"https:\/\/api.w.org\/{rel}","templated":true}]}}