{"id":59276,"date":"2024-10-06T15:54:42","date_gmt":"2024-10-06T21:54:42","guid":{"rendered":"https:\/\/encuentroinformativo.com.mx\/?p=59276"},"modified":"2024-10-06T15:54:48","modified_gmt":"2024-10-06T21:54:48","slug":"asume-marti-batres-direccion-general-del-issste","status":"publish","type":"post","link":"https:\/\/encuentroinformativo.com.mx\/?p=59276","title":{"rendered":"Asume Mart\u00ed Batres Direcci\u00f3n General del Issste"},"content":{"rendered":"\n<p><strong>* Afirm\u00f3 que trabajar\u00e1 para mejorar servicios, acercar a la gente y ampliar la infraestructura hospitalaria de la instituci\u00f3n.<\/strong><\/p>\n\n\n\n<p>Ciudad de M\u00e9xico.- Mart\u00ed Batres Guadarrama asumi\u00f3 este s\u00e1bado la Direcci\u00f3n General del Instituto de Seguridad y Servicios Sociales de los Trabajadores del Estado (Issste), en un acto donde destac\u00f3 que continuar\u00e1 el rescate en contra de la privatizaci\u00f3n de esta instituci\u00f3n, proceso iniciado por el expresidente Andr\u00e9s Manuel L\u00f3pez Obrador, y que se fortalecer\u00e1 con la presidenta de M\u00e9xico, Claudia Sheinbaum Pardo, en beneficio de las y los derechohabientes.<\/p>\n\n\n\n<p>\u201cS\u00e9 que se ha venido haciendo una tarea de recuperaci\u00f3n, de rescate, porque a\u00fan con toda su importancia, todo el \u00edmpetu de surgimiento, su desarrollo en los a\u00f1os del neoliberalismo, muchas instituciones sociales fueron abandonadas, recortadas, o semiprivatizadas. Y bueno, el Issste no escap\u00f3 a ello, tambi\u00e9n fue afectado. Vamos a recuperar todo este trabajo, a darle seguimiento a todo este proceso que se ha iniciado.\u201d<\/p>\n\n\n\n<p>Luego de recibir el nuevo cargo de manos de Bertha Alcalde Luj\u00e1n, Mart\u00ed Batres subray\u00f3 la importancia del Issste en la lucha por alcanzar el Estado de bienestar, ya que abarca tanto pol\u00edticas de salud como pol\u00edticas sociales relacionadas con pensiones, jubilaciones, prestaciones, vivienda, abasto, recreaci\u00f3n y estancias infantiles.<\/p>\n\n\n\n<p>\u201cEs un conjunto amplio de pol\u00edticas sociales, que son precisamente las que dan sentido al concepto de seguridad social (\u2026). El Issste constituye la seguridad social, uno de los grandes pilares del Estado de bienestar; junto con la educaci\u00f3n y el trabajo; son los grandes pilares del bienestar y, por eso, es emocionante lo que puede hacerse\u201d.<\/p>\n\n\n\n<p>Mart\u00ed Batres dijo que trabajar\u00e1 para mejorar los servicios, acercar a la gente a la instituci\u00f3n y ampliar la infraestructura hospitalaria, a la vez que reconoci\u00f3 el trabajo desempe\u00f1ado por Bertha Alcalde.<\/p>\n\n\n\n<p>\u201cQuiero hacer un reconocimiento a Bertha Alcalde. Es una persona sumamente profesional, preparada, con un gran sentido social, con una formaci\u00f3n envidiable y, adem\u00e1s, muy generosa. Quiero hacerle este reconocimiento personal, si ustedes me lo permiten, y a todo el equipo que la ha acompa\u00f1ado.\u201d<\/p>\n\n\n\n<p>Por su parte, Bertha Alcalde comparti\u00f3 que el Issste representa un gran reto, ya que su objetivo es cuidar a los trabajadores del Estado.<\/p>\n\n\n\n<p>\u201cNos da mucho gusto poder entregarle la batuta a un equipo tan comprometido, a quien ya conocemos. A ti (Mart\u00ed Batres), obviamente, por tu trayectoria de much\u00edsimo tiempo, no nada m\u00e1s el trabajo aqu\u00ed, en la ciudad, ahora, sino por muchos a\u00f1os en el Senado. Estamos seguros de que ser\u00e1 para bien este cambio, que podr\u00e1n atacar las problem\u00e1ticas y que podr\u00e1n llevar a mejor puerto esta instituci\u00f3n, donde ya hemos avanzado tanto, pero sigue habiendo mucho por hacer\u201d.<\/p>\n","protected":false},"excerpt":{"rendered":"<p>* Afirm\u00f3 que trabajar\u00e1 para mejorar servicios, acercar a la gente y ampliar la infraestructura hospitalaria de la instituci\u00f3n. Ciudad de M\u00e9xico.- Mart\u00ed Batres Guadarrama asumi\u00f3 este s\u00e1bado la Direcci\u00f3n General del Instituto de Seguridad y Servicios Sociales de los Trabajadores del Estado (Issste), en un acto donde destac\u00f3 que continuar\u00e1 el rescate en contra [&hellip;]<\/p>\n","protected":false},"author":2476,"featured_media":59277,"comment_status":"open","ping_status":"open","sticky":false,"template":"","format":"standard","meta":{"_jetpack_memberships_contains_paid_content":false,"footnotes":""},"categories":[9],"tags":[],"class_list":["post-59276","post","type-post","status-publish","format-standard","has-post-thumbnail","hentry","category-salud"],"jetpack_featured_media_url":"https:\/\/encuentroinformativo.com.mx\/wp-content\/uploads\/2024\/10\/IMG-20241006-WA00282.jpg","jetpack_sharing_enabled":true,"jetpack_likes_enabled":true,"amp_enabled":true,"_links":{"self":[{"href":"https:\/\/encuentroinformativo.com.mx\/index.php?rest_route=\/wp\/v2\/posts\/59276","targetHints":{"allow":["GET"]}}],"collection":[{"href":"https:\/\/encuentroinformativo.com.mx\/index.php?rest_route=\/wp\/v2\/posts"}],"about":[{"href":"https:\/\/encuentroinformativo.com.mx\/index.php?rest_route=\/wp\/v2\/types\/post"}],"author":[{"embeddable":true,"href":"https:\/\/encuentroinformativo.com.mx\/index.php?rest_route=\/wp\/v2\/users\/2476"}],"replies":[{"embeddable":true,"href":"https:\/\/encuentroinformativo.com.mx\/index.php?rest_route=%2Fwp%2Fv2%2Fcomments&post=59276"}],"version-history":[{"count":1,"href":"https:\/\/encuentroinformativo.com.mx\/index.php?rest_route=\/wp\/v2\/posts\/59276\/revisions"}],"predecessor-version":[{"id":59278,"href":"https:\/\/encuentroinformativo.com.mx\/index.php?rest_route=\/wp\/v2\/posts\/59276\/revisions\/59278"}],"wp:featuredmedia":[{"embeddable":true,"href":"https:\/\/encuentroinformativo.com.mx\/index.php?rest_route=\/wp\/v2\/media\/59277"}],"wp:attachment":[{"href":"https:\/\/encuentroinformativo.com.mx\/index.php?rest_route=%2Fwp%2Fv2%2Fmedia&parent=59276"}],"wp:term":[{"taxonomy":"category","embeddable":true,"href":"https:\/\/encuentroinformativo.com.mx\/index.php?rest_route=%2Fwp%2Fv2%2Fcategories&post=59276"},{"taxonomy":"post_tag","embeddable":true,"href":"https:\/\/encuentroinformativo.com.mx\/index.php?rest_route=%2Fwp%2Fv2%2Ftags&post=59276"}],"curies":[{"name":"wp","href":"https:\/\/api.w.org\/{rel}","templated":true}]}}