{"id":59282,"date":"2024-10-07T11:38:06","date_gmt":"2024-10-07T17:38:06","guid":{"rendered":"https:\/\/encuentroinformativo.com.mx\/?p=59282"},"modified":"2024-10-07T11:38:22","modified_gmt":"2024-10-07T17:38:22","slug":"trabajadores-del-poder-judicial-reanudan-protestas-en-xalapa","status":"publish","type":"post","link":"https:\/\/encuentroinformativo.com.mx\/?p=59282","title":{"rendered":"Trabajadores del Poder Judicial reanudan protestas en Xalapa"},"content":{"rendered":"\n<p><strong>Dar\u00edo Pale <\/strong><\/p>\n\n\n\n<p>Xalapa, Ver.- La licenciada Monse dio a conocer que no van a regresar a trabajar hasta que el Ejecutivo los escuche ya que quieren que haya estado de derecho y que las autoridades del ejecutivo y legislativo cumplan con las resoluciones del poder judicial.<\/p>\n\n\n\n<p>Entrevistada durante la manifestaci\u00f3n a las afueras del edificio del Poder Judicial de la Federaci\u00f3n ubicado en Ruiz Cortinez 1628, las actividades que est\u00e1n realizando el d\u00eda de hoy son una continuaci\u00f3n de serie de manifestaciones, protestas y actos de compartir informaci\u00f3n sobre lo que est\u00e1 pasando y lo est\u00e1n haciendo.<\/p>\n\n\n\n<p>\u201cAhorita nuestro principal objetivo es apoyar a la Suprema Corte de Justicia de la Naci\u00f3n (SCJN), en las resoluciones que est\u00e1 tomando, estamos entregando estos flyers en los que estamos informando que fue lo que sucedi\u00f3 en la consulta tr\u00e1mite apenas del 3 de octubre y aqu\u00ed estamos dejando tambi\u00e9n nuestras redes sociales para que nos puedan seguir y que sigan obteniendo informaci\u00f3n de lo que nosotros hacemos\u201d, se\u00f1al\u00f3.<\/p>\n\n\n\n<p>El d\u00eda de hoy no han decidido si van a tomar la calle o no pero se van a auxiliar con el sem\u00e1foro para repartir la informaci\u00f3n, es una manifestaci\u00f3n pac\u00edfica como todas, ya que no cierran las calle sin hacer un consenso entre todos, cuando lo hacen es para que la gente los vea y le puedan dar informaci\u00f3n.<\/p>\n\n\n\n<p>En cuanto al documento que anda circulando donde a nivel federal har\u00e1n un paro nacional coment\u00f3 que, el pleno del Consejo de la Judicatura concedi\u00f3 la suspensi\u00f3n de labores hasta esa fecha,(el 11 o 16 de octubre) sin embargo el paro es de la base trabajadora y no van a levantar el paro hasta que que no se den las condiciones necesarias para regresar a trabajar.<\/p>\n\n\n\n<p>\u201cCuales son las condiciones necesarias para regresar a trabajar?, pues para empezar que en M\u00e9xico haya estado de derecho y que las autoridades del ejecutivo y legislativo cumplan con las resoluciones del poder judicial esa es nuestra principal exigencia, ademas de distintas situaciones laborales que estamos revisando\u201d, coment\u00f3.<\/p>\n\n\n\n<p>Finalmente se\u00f1al\u00f3 que no hay una fecha para que regresen a laborar, ser\u00e1 hasta que el ejecutivo los escuche y el legislativo cumpla con sus peticiones, no tienen pensado regresar a trabajar, record\u00f3 que son 55 mil personas a nivel nacional los que trabajan y desconoce quienes est\u00e1n de manera activa, ya que la reforma afecta a toda la sociedad mexicana ya que le est\u00e1n quitando a la ciudadan\u00eda el derecho de tener un tribunal independiente que los defienda.\u00a0<\/p>\n\n\n\n<figure class=\"wp-block-image size-large\"><img loading=\"lazy\" decoding=\"async\" width=\"1024\" height=\"576\" src=\"https:\/\/encuentroinformativo.com.mx\/wp-content\/uploads\/2024\/10\/1000401028-1024x576.jpg\" alt=\"\" class=\"wp-image-59284\" srcset=\"https:\/\/encuentroinformativo.com.mx\/wp-content\/uploads\/2024\/10\/1000401028-1024x576.jpg 1024w, https:\/\/encuentroinformativo.com.mx\/wp-content\/uploads\/2024\/10\/1000401028-300x169.jpg 300w, https:\/\/encuentroinformativo.com.mx\/wp-content\/uploads\/2024\/10\/1000401028-768x432.jpg 768w, https:\/\/encuentroinformativo.com.mx\/wp-content\/uploads\/2024\/10\/1000401028-1536x864.jpg 1536w, https:\/\/encuentroinformativo.com.mx\/wp-content\/uploads\/2024\/10\/1000401028.jpg 1600w\" sizes=\"auto, (max-width: 1024px) 100vw, 1024px\" \/><\/figure>\n","protected":false},"excerpt":{"rendered":"<p>Dar\u00edo Pale Xalapa, Ver.- La licenciada Monse dio a conocer que no van a regresar a trabajar hasta que el Ejecutivo los escuche ya que quieren que haya estado de derecho y que las autoridades del ejecutivo y legislativo cumplan con las resoluciones del poder judicial. Entrevistada durante la manifestaci\u00f3n a las afueras del edificio [&hellip;]<\/p>\n","protected":false},"author":2476,"featured_media":59283,"comment_status":"open","ping_status":"open","sticky":false,"template":"","format":"standard","meta":{"_jetpack_memberships_contains_paid_content":false,"footnotes":""},"categories":[3],"tags":[],"class_list":["post-59282","post","type-post","status-publish","format-standard","has-post-thumbnail","hentry","category-xalapa"],"jetpack_featured_media_url":"https:\/\/encuentroinformativo.com.mx\/wp-content\/uploads\/2024\/10\/IMG-20241007-WA0016.jpg","jetpack_sharing_enabled":true,"jetpack_likes_enabled":true,"amp_enabled":true,"_links":{"self":[{"href":"https:\/\/encuentroinformativo.com.mx\/index.php?rest_route=\/wp\/v2\/posts\/59282","targetHints":{"allow":["GET"]}}],"collection":[{"href":"https:\/\/encuentroinformativo.com.mx\/index.php?rest_route=\/wp\/v2\/posts"}],"about":[{"href":"https:\/\/encuentroinformativo.com.mx\/index.php?rest_route=\/wp\/v2\/types\/post"}],"author":[{"embeddable":true,"href":"https:\/\/encuentroinformativo.com.mx\/index.php?rest_route=\/wp\/v2\/users\/2476"}],"replies":[{"embeddable":true,"href":"https:\/\/encuentroinformativo.com.mx\/index.php?rest_route=%2Fwp%2Fv2%2Fcomments&post=59282"}],"version-history":[{"count":1,"href":"https:\/\/encuentroinformativo.com.mx\/index.php?rest_route=\/wp\/v2\/posts\/59282\/revisions"}],"predecessor-version":[{"id":59285,"href":"https:\/\/encuentroinformativo.com.mx\/index.php?rest_route=\/wp\/v2\/posts\/59282\/revisions\/59285"}],"wp:featuredmedia":[{"embeddable":true,"href":"https:\/\/encuentroinformativo.com.mx\/index.php?rest_route=\/wp\/v2\/media\/59283"}],"wp:attachment":[{"href":"https:\/\/encuentroinformativo.com.mx\/index.php?rest_route=%2Fwp%2Fv2%2Fmedia&parent=59282"}],"wp:term":[{"taxonomy":"category","embeddable":true,"href":"https:\/\/encuentroinformativo.com.mx\/index.php?rest_route=%2Fwp%2Fv2%2Fcategories&post=59282"},{"taxonomy":"post_tag","embeddable":true,"href":"https:\/\/encuentroinformativo.com.mx\/index.php?rest_route=%2Fwp%2Fv2%2Ftags&post=59282"}],"curies":[{"name":"wp","href":"https:\/\/api.w.org\/{rel}","templated":true}]}}