{"id":59289,"date":"2024-10-07T13:46:07","date_gmt":"2024-10-07T19:46:07","guid":{"rendered":"https:\/\/encuentroinformativo.com.mx\/?p=59289"},"modified":"2024-10-07T13:46:13","modified_gmt":"2024-10-07T19:46:13","slug":"invitan-a-puesta-de-escena-en-facultad-de-teatro","status":"publish","type":"post","link":"https:\/\/encuentroinformativo.com.mx\/?p=59289","title":{"rendered":"Invitan a puesta de escena en Facultad de Teatro"},"content":{"rendered":"\n<p><strong>Dar\u00edo Pale <\/strong><\/p>\n\n\n\n<p>Xalapa, Ver.- Llevaron a cabo la presentaci\u00f3n de la obra de teatro \u201cFabada del Fin del Mundo o Mam\u00e1 ya no compres se\u00f1or descuartizado\u201d, la cual est\u00e1 a cargo de la Universidad Veracruzana a trav\u00e9s de la Facultad de Teatro.<\/p>\n\n\n\n<p>En conferencia de prensa, el director de este proyecto, Enrique V\u00e1zquez Burgos, inform\u00f3 que dicha puesta en escena habla del deterioro, de la guerra, el desamparo, la soledad, las p\u00e9rdidas, y los actos violentos que se viven en la cotidianidad.<\/p>\n\n\n\n<p>Dijo que la obra contar\u00e1 con la presencia de 14 actores, pero detr\u00e1s hay un gran grupo de apoyo t\u00e9cnico, directores y coordinadores.<\/p>\n\n\n\n<p>Asimismo, se\u00f1al\u00f3 que este proyecto busca adem\u00e1s generar sensaciones y emociones a trav\u00e9s del cuerpo, el espacio, la palabra y la memoria.<\/p>\n\n\n\n<p>Por \u00faltimo agreg\u00f3 que el estreno ser\u00e1 el pr\u00f3ximo 10 de octubre a las 8 de la noche en el foro de la Facultad de Teatro ubicado en Belisario Dom\u00ednguez, pero se tendr\u00e1n funciones en los tres fines de semana del mes de octubre: jueves y viernes a las 20:00 horas, s\u00e1bados a las 19:00 y los domingos a las 18:00 horas.<\/p>\n","protected":false},"excerpt":{"rendered":"<p>Dar\u00edo Pale Xalapa, Ver.- Llevaron a cabo la presentaci\u00f3n de la obra de teatro \u201cFabada del Fin del Mundo o Mam\u00e1 ya no compres se\u00f1or descuartizado\u201d, la cual est\u00e1 a cargo de la Universidad Veracruzana a trav\u00e9s de la Facultad de Teatro. En conferencia de prensa, el director de este proyecto, Enrique V\u00e1zquez Burgos, inform\u00f3 [&hellip;]<\/p>\n","protected":false},"author":2476,"featured_media":59290,"comment_status":"open","ping_status":"open","sticky":false,"template":"","format":"standard","meta":{"_jetpack_memberships_contains_paid_content":false,"footnotes":""},"categories":[3],"tags":[],"class_list":["post-59289","post","type-post","status-publish","format-standard","has-post-thumbnail","hentry","category-xalapa"],"jetpack_featured_media_url":"https:\/\/encuentroinformativo.com.mx\/wp-content\/uploads\/2024\/10\/IMG-20241007-WA00512.jpg","jetpack_sharing_enabled":true,"jetpack_likes_enabled":true,"amp_enabled":true,"_links":{"self":[{"href":"https:\/\/encuentroinformativo.com.mx\/index.php?rest_route=\/wp\/v2\/posts\/59289","targetHints":{"allow":["GET"]}}],"collection":[{"href":"https:\/\/encuentroinformativo.com.mx\/index.php?rest_route=\/wp\/v2\/posts"}],"about":[{"href":"https:\/\/encuentroinformativo.com.mx\/index.php?rest_route=\/wp\/v2\/types\/post"}],"author":[{"embeddable":true,"href":"https:\/\/encuentroinformativo.com.mx\/index.php?rest_route=\/wp\/v2\/users\/2476"}],"replies":[{"embeddable":true,"href":"https:\/\/encuentroinformativo.com.mx\/index.php?rest_route=%2Fwp%2Fv2%2Fcomments&post=59289"}],"version-history":[{"count":1,"href":"https:\/\/encuentroinformativo.com.mx\/index.php?rest_route=\/wp\/v2\/posts\/59289\/revisions"}],"predecessor-version":[{"id":59291,"href":"https:\/\/encuentroinformativo.com.mx\/index.php?rest_route=\/wp\/v2\/posts\/59289\/revisions\/59291"}],"wp:featuredmedia":[{"embeddable":true,"href":"https:\/\/encuentroinformativo.com.mx\/index.php?rest_route=\/wp\/v2\/media\/59290"}],"wp:attachment":[{"href":"https:\/\/encuentroinformativo.com.mx\/index.php?rest_route=%2Fwp%2Fv2%2Fmedia&parent=59289"}],"wp:term":[{"taxonomy":"category","embeddable":true,"href":"https:\/\/encuentroinformativo.com.mx\/index.php?rest_route=%2Fwp%2Fv2%2Fcategories&post=59289"},{"taxonomy":"post_tag","embeddable":true,"href":"https:\/\/encuentroinformativo.com.mx\/index.php?rest_route=%2Fwp%2Fv2%2Ftags&post=59289"}],"curies":[{"name":"wp","href":"https:\/\/api.w.org\/{rel}","templated":true}]}}