{"id":59297,"date":"2024-10-07T14:34:29","date_gmt":"2024-10-07T20:34:29","guid":{"rendered":"https:\/\/encuentroinformativo.com.mx\/?p=59297"},"modified":"2024-10-07T14:34:50","modified_gmt":"2024-10-07T20:34:50","slug":"promueven-desfile-de-modas-con-causa","status":"publish","type":"post","link":"https:\/\/encuentroinformativo.com.mx\/?p=59297","title":{"rendered":"Promueven Desfile de Modas con Causa"},"content":{"rendered":"\n<p><strong>Dar\u00edo Pale <\/strong><\/p>\n\n\n\n<p>Xalapa, Ver.- Este lunes dieron a conocer el Desfile de Modas con Causa que se llevar\u00e1 a cabo el pr\u00f3ximo 26 de octubre en el auditorio \u201cSergio Pitol\u201d del IMAC a las 11:00 horas.\u00a0<\/p>\n\n\n\n<p>En rueda de prensa, la presidenta de la asociaci\u00f3n civil &#8220;Mil Mujeres por Xalapa&#8221;, Sandra Dom\u00ednguez, se\u00f1al\u00f3 que se trata de un evento con causa en el marco del D\u00eda Internacional del C\u00e1ncer de Mama.<\/p>\n\n\n\n<p>Indic\u00f3 que con el dinero que se recaude se comprar\u00e1n v\u00edveres para las afectadas, pues consider\u00f3 que su situaci\u00f3n es\u00a0 desgastante emocionalmente pero tambi\u00e9n econ\u00f3micamente.\u00a0<\/p>\n\n\n\n<p>Asimismo dijo que esto es un acto de solidaridad como mujeres, adem\u00e1s de concientizar a la ciudadan\u00eda sobre el c\u00e1ncer y tambi\u00e9n buscan visibilizar la importancia de la detecci\u00f3n temprana del c\u00e1ncer de mama.<\/p>\n\n\n\n<p>Por \u00faltimo, abund\u00f3 que habr\u00e1 rifas y la entrada al evento tendr\u00e1 un costo de 100 pesos, adem\u00e1s la pasarela estar\u00e1 llena de dise\u00f1os y colores pensados en el mes conmemorativo al c\u00e1ncer de mama.\u00a0<\/p>\n","protected":false},"excerpt":{"rendered":"<p>Dar\u00edo Pale Xalapa, Ver.- Este lunes dieron a conocer el Desfile de Modas con Causa que se llevar\u00e1 a cabo el pr\u00f3ximo 26 de octubre en el auditorio \u201cSergio Pitol\u201d del IMAC a las 11:00 horas.\u00a0 En rueda de prensa, la presidenta de la asociaci\u00f3n civil &#8220;Mil Mujeres por Xalapa&#8221;, Sandra Dom\u00ednguez, se\u00f1al\u00f3 que se [&hellip;]<\/p>\n","protected":false},"author":2476,"featured_media":59298,"comment_status":"open","ping_status":"open","sticky":false,"template":"","format":"standard","meta":{"_jetpack_memberships_contains_paid_content":false,"footnotes":""},"categories":[9],"tags":[],"class_list":["post-59297","post","type-post","status-publish","format-standard","has-post-thumbnail","hentry","category-salud"],"jetpack_featured_media_url":"https:\/\/encuentroinformativo.com.mx\/wp-content\/uploads\/2024\/10\/IMG-20241007-WA0069.jpg","jetpack_sharing_enabled":true,"jetpack_likes_enabled":true,"amp_enabled":true,"_links":{"self":[{"href":"https:\/\/encuentroinformativo.com.mx\/index.php?rest_route=\/wp\/v2\/posts\/59297","targetHints":{"allow":["GET"]}}],"collection":[{"href":"https:\/\/encuentroinformativo.com.mx\/index.php?rest_route=\/wp\/v2\/posts"}],"about":[{"href":"https:\/\/encuentroinformativo.com.mx\/index.php?rest_route=\/wp\/v2\/types\/post"}],"author":[{"embeddable":true,"href":"https:\/\/encuentroinformativo.com.mx\/index.php?rest_route=\/wp\/v2\/users\/2476"}],"replies":[{"embeddable":true,"href":"https:\/\/encuentroinformativo.com.mx\/index.php?rest_route=%2Fwp%2Fv2%2Fcomments&post=59297"}],"version-history":[{"count":1,"href":"https:\/\/encuentroinformativo.com.mx\/index.php?rest_route=\/wp\/v2\/posts\/59297\/revisions"}],"predecessor-version":[{"id":59299,"href":"https:\/\/encuentroinformativo.com.mx\/index.php?rest_route=\/wp\/v2\/posts\/59297\/revisions\/59299"}],"wp:featuredmedia":[{"embeddable":true,"href":"https:\/\/encuentroinformativo.com.mx\/index.php?rest_route=\/wp\/v2\/media\/59298"}],"wp:attachment":[{"href":"https:\/\/encuentroinformativo.com.mx\/index.php?rest_route=%2Fwp%2Fv2%2Fmedia&parent=59297"}],"wp:term":[{"taxonomy":"category","embeddable":true,"href":"https:\/\/encuentroinformativo.com.mx\/index.php?rest_route=%2Fwp%2Fv2%2Fcategories&post=59297"},{"taxonomy":"post_tag","embeddable":true,"href":"https:\/\/encuentroinformativo.com.mx\/index.php?rest_route=%2Fwp%2Fv2%2Ftags&post=59297"}],"curies":[{"name":"wp","href":"https:\/\/api.w.org\/{rel}","templated":true}]}}