{"id":59307,"date":"2024-10-07T16:11:20","date_gmt":"2024-10-07T22:11:20","guid":{"rendered":"https:\/\/encuentroinformativo.com.mx\/?p=59307"},"modified":"2024-10-07T16:11:26","modified_gmt":"2024-10-07T22:11:26","slug":"presenta-anilu-ingram-iniciativa-de-ley-para-la-accesibilidad-de-personas-con-discapacidad","status":"publish","type":"post","link":"https:\/\/encuentroinformativo.com.mx\/?p=59307","title":{"rendered":"Presenta Anil\u00fa Ingram iniciativa de ley para la accesibilidad de personas con discapacidad"},"content":{"rendered":"\n<p><strong>Alejandro \u00c1vila<\/strong><\/p>\n\n\n\n<p>Veracruz, Ver.- Con el fin de garantizar la accesibilidad universal para las personas con discapacidad en el estado y fortalecer el humanismo social y el bienestar integral de todos los ciudadanos, la diputada local Anil\u00fa Ingram Vallines present\u00f3 la iniciativa de una nueva Ley para la Accesibilidad.<\/p>\n\n\n\n<p>&#8220;Con esta iniciativa, daremos un paso importante hacia una sociedad m\u00e1s inclusiva, asegurando que todas las personas puedan disfrutar de una vida plena, con acceso a todos los espacios y sin barreras&#8221;, expuso.<\/p>\n\n\n\n<p>La propuesta de la legisladora porte\u00f1a, conformada por 31 art\u00edculos distribuidos en 6 cap\u00edtulos, abordando desde la infraestructura f\u00edsica hasta el acceso a tecnolog\u00edas de la informaci\u00f3n, se fundamenta en la Convenci\u00f3n sobre los Derechos de las Personas con Discapacidad (CDPD), que insta a los Estados parte a desarrollar y supervisar la aplicaci\u00f3n de normas m\u00ednimas para garantizar la accesibilidad en las instalaciones y servicios p\u00fablicos.<\/p>\n\n\n\n<p>\u201cEs imprescindible que Veracruz cuente con un marco jur\u00eddico que asegure el acceso a espacios p\u00fablicos y privados sin obst\u00e1culos, promoviendo la igualdad y la no discriminaci\u00f3n\u201d, destac\u00f3 la diputada.<\/p>\n\n\n\n<p>\u201cLa accesibilidad no es solo una necesidad, es un derecho constitucional\u201d, afirm\u00f3.<br>La iniciativa de Anil\u00fa Ingram tambi\u00e9n plantea la creaci\u00f3n de un \u00e1rea especializada en temas de accesibilidad dentro de la Secretar\u00eda de Gobierno, que ser\u00e1 responsable de coordinar esfuerzos entre distintas dependencias para garantizar la inclusi\u00f3n de las personas con discapacidad en todos los \u00e1mbitos de la vida p\u00fablica y privada.<\/p>\n\n\n\n<p>Tambi\u00e9n aborda la adaptaci\u00f3n de edificios educativos, culturales y recreativos para garantizar el acceso de ni\u00f1as, ni\u00f1os, adolescentes y adultos con discapacidad, as\u00ed como la implementaci\u00f3n de medidas que promuevan la concientizaci\u00f3n sobre la accesibilidad.<\/p>\n\n\n\n<p>Por \u00faltimo, la diputada Ingram confi\u00f3 en que contar\u00e1 con el respaldo de sus compa\u00f1eros legisladores para aprobar la ley.<\/p>\n\n\n\n<p>\u201cEstoy convencida de que, con esta Iniciativa, daremos un paso muy importante para cambiar la percepci\u00f3n de la discapacidad, al asegurar que el pueblo y los gobiernos reconozcan que es necesario proporcionar a todas las personas la oportunidad de vivir con plenitud y sin obst\u00e1culos, incrementar la calidad de vida y el desarrollo con bienestar de las personas con discapacidad para reducir la desigualdad en el estado. Esto no es solo una necesidad, sino un derecho constitucional que debemos de asegurarnos de contar con el marco jur\u00eddico para que se instrumente de forma correcta\u201d, finaliz\u00f3.<\/p>\n","protected":false},"excerpt":{"rendered":"<p>Alejandro \u00c1vila Veracruz, Ver.- Con el fin de garantizar la accesibilidad universal para las personas con discapacidad en el estado y fortalecer el humanismo social y el bienestar integral de todos los ciudadanos, la diputada local Anil\u00fa Ingram Vallines present\u00f3 la iniciativa de una nueva Ley para la Accesibilidad. &#8220;Con esta iniciativa, daremos un paso [&hellip;]<\/p>\n","protected":false},"author":2476,"featured_media":59308,"comment_status":"open","ping_status":"open","sticky":false,"template":"","format":"standard","meta":{"_jetpack_memberships_contains_paid_content":false,"footnotes":""},"categories":[2],"tags":[],"class_list":["post-59307","post","type-post","status-publish","format-standard","has-post-thumbnail","hentry","category-estado"],"jetpack_featured_media_url":"https:\/\/encuentroinformativo.com.mx\/wp-content\/uploads\/2024\/10\/IMG-20241007-WA0119.jpg","jetpack_sharing_enabled":true,"jetpack_likes_enabled":true,"amp_enabled":true,"_links":{"self":[{"href":"https:\/\/encuentroinformativo.com.mx\/index.php?rest_route=\/wp\/v2\/posts\/59307","targetHints":{"allow":["GET"]}}],"collection":[{"href":"https:\/\/encuentroinformativo.com.mx\/index.php?rest_route=\/wp\/v2\/posts"}],"about":[{"href":"https:\/\/encuentroinformativo.com.mx\/index.php?rest_route=\/wp\/v2\/types\/post"}],"author":[{"embeddable":true,"href":"https:\/\/encuentroinformativo.com.mx\/index.php?rest_route=\/wp\/v2\/users\/2476"}],"replies":[{"embeddable":true,"href":"https:\/\/encuentroinformativo.com.mx\/index.php?rest_route=%2Fwp%2Fv2%2Fcomments&post=59307"}],"version-history":[{"count":1,"href":"https:\/\/encuentroinformativo.com.mx\/index.php?rest_route=\/wp\/v2\/posts\/59307\/revisions"}],"predecessor-version":[{"id":59309,"href":"https:\/\/encuentroinformativo.com.mx\/index.php?rest_route=\/wp\/v2\/posts\/59307\/revisions\/59309"}],"wp:featuredmedia":[{"embeddable":true,"href":"https:\/\/encuentroinformativo.com.mx\/index.php?rest_route=\/wp\/v2\/media\/59308"}],"wp:attachment":[{"href":"https:\/\/encuentroinformativo.com.mx\/index.php?rest_route=%2Fwp%2Fv2%2Fmedia&parent=59307"}],"wp:term":[{"taxonomy":"category","embeddable":true,"href":"https:\/\/encuentroinformativo.com.mx\/index.php?rest_route=%2Fwp%2Fv2%2Fcategories&post=59307"},{"taxonomy":"post_tag","embeddable":true,"href":"https:\/\/encuentroinformativo.com.mx\/index.php?rest_route=%2Fwp%2Fv2%2Ftags&post=59307"}],"curies":[{"name":"wp","href":"https:\/\/api.w.org\/{rel}","templated":true}]}}