{"id":59312,"date":"2024-10-07T16:18:44","date_gmt":"2024-10-07T22:18:44","guid":{"rendered":"https:\/\/encuentroinformativo.com.mx\/?p=59312"},"modified":"2024-10-07T16:18:50","modified_gmt":"2024-10-07T22:18:50","slug":"el-colombiano-manuel-medrano-dara-concierto-en-veracruz","status":"publish","type":"post","link":"https:\/\/encuentroinformativo.com.mx\/?p=59312","title":{"rendered":"El colombiano Manuel Medrano dar\u00e1 concierto en Veracruz"},"content":{"rendered":"\n<p><strong>Alejandro \u00c1vila<\/strong><\/p>\n\n\n\n<p>Veracruz, Ver.- En conferencia de prensa virtual el cantante colombiano Manuel Medrano confirm\u00f3 el concierto que ofrecer\u00e1 por segunda ocasi\u00f3n en Veracruz el pr\u00f3ximo s\u00e1bado 19 de octubre en el WTC a partir de las 20:00 horas.<\/p>\n\n\n\n<p>El cantante adelant\u00f3 que el concierto incluye los \u00e9xitos &#8220;Afuera del Planeta&#8221;, &#8220;Bajo el agua&#8221;, y &#8220;Qu\u00e9date&#8221;, entre muchos otros.<\/p>\n\n\n\n<p>Expres\u00f3 estar muy contento de regresar a Veracruz con esta nueva gira: \u201cGracias al cari\u00f1o y aceptaci\u00f3n de nuestro show en Veracruz. Este es un nuevo show donde estaremos interpretando las canciones de todos estos a\u00f1os y las del nuevo \u00e1lbum \u201cPerfecto\u201d (\u2026) Es un show lleno de energ\u00eda, de luces impresionantes\u201d.<\/p>\n\n\n\n<p>El cantautor colombiano se refiri\u00f3 a M\u00e9xico con mucho cari\u00f1o: \u201cM\u00e9xico ha sido mi segundo hogar en todos estos a\u00f1os de carrera. Nuestra idea ha sido ir con muestra m\u00fasica a los lugares donde la gente quiera escucharnos y Veracruz es uno de ellos\u201d.<\/p>\n\n\n\n<p>Manuel Medrano dijo que \u201cMe encantar\u00eda tener alguna colaboraci\u00f3n con alg\u00fan cantante de regional mexicano, desde un Pepe Aguilar hasta las nuevas generaciones y para m\u00ed ser\u00eda un honor cantar m\u00fasica mexicana\u201d.<\/p>\n\n\n\n<p>Tras finalizar la conferencia de prensa los empresarios Alejandro y Alberto Reyes Cervera, directores de RECA Producciones y M\u00c1S Conciertos, abundaron m\u00e1s sobre el concierto.<\/p>\n\n\n\n<p>\u201cEs un artista completo. Estamos muy contento de volver a presentarlo. El a\u00f1o pasado lo trajimos por primera vez y repetimos porque mucha gente se qued\u00f3 con ganas de verlo el a\u00f1o anterior\u201d.<\/p>\n\n\n\n<p>Al concluir la conferencia de prensa, Alejandro y Alberto Reyes Cervera, directores de RECA Producciones y M\u00c1S Conciertos y Diego Candelario, director de operaciones de Grupo Bamboo, reiteraron la invitaci\u00f3n al p\u00fablico a disfrutar del concierto de Manuel Medrano el 19 de octubre en el WTC para \u201ccantar a todo pulm\u00f3n&#8221;.<\/p>\n","protected":false},"excerpt":{"rendered":"<p>Alejandro \u00c1vila Veracruz, Ver.- En conferencia de prensa virtual el cantante colombiano Manuel Medrano confirm\u00f3 el concierto que ofrecer\u00e1 por segunda ocasi\u00f3n en Veracruz el pr\u00f3ximo s\u00e1bado 19 de octubre en el WTC a partir de las 20:00 horas. El cantante adelant\u00f3 que el concierto incluye los \u00e9xitos &#8220;Afuera del Planeta&#8221;, &#8220;Bajo el agua&#8221;, y [&hellip;]<\/p>\n","protected":false},"author":2476,"featured_media":59313,"comment_status":"open","ping_status":"open","sticky":false,"template":"","format":"standard","meta":{"_jetpack_memberships_contains_paid_content":false,"footnotes":""},"categories":[2],"tags":[],"class_list":["post-59312","post","type-post","status-publish","format-standard","has-post-thumbnail","hentry","category-estado"],"jetpack_featured_media_url":"https:\/\/encuentroinformativo.com.mx\/wp-content\/uploads\/2024\/10\/IMG-20241007-WA0117.jpg","jetpack_sharing_enabled":true,"jetpack_likes_enabled":true,"amp_enabled":true,"_links":{"self":[{"href":"https:\/\/encuentroinformativo.com.mx\/index.php?rest_route=\/wp\/v2\/posts\/59312","targetHints":{"allow":["GET"]}}],"collection":[{"href":"https:\/\/encuentroinformativo.com.mx\/index.php?rest_route=\/wp\/v2\/posts"}],"about":[{"href":"https:\/\/encuentroinformativo.com.mx\/index.php?rest_route=\/wp\/v2\/types\/post"}],"author":[{"embeddable":true,"href":"https:\/\/encuentroinformativo.com.mx\/index.php?rest_route=\/wp\/v2\/users\/2476"}],"replies":[{"embeddable":true,"href":"https:\/\/encuentroinformativo.com.mx\/index.php?rest_route=%2Fwp%2Fv2%2Fcomments&post=59312"}],"version-history":[{"count":1,"href":"https:\/\/encuentroinformativo.com.mx\/index.php?rest_route=\/wp\/v2\/posts\/59312\/revisions"}],"predecessor-version":[{"id":59314,"href":"https:\/\/encuentroinformativo.com.mx\/index.php?rest_route=\/wp\/v2\/posts\/59312\/revisions\/59314"}],"wp:featuredmedia":[{"embeddable":true,"href":"https:\/\/encuentroinformativo.com.mx\/index.php?rest_route=\/wp\/v2\/media\/59313"}],"wp:attachment":[{"href":"https:\/\/encuentroinformativo.com.mx\/index.php?rest_route=%2Fwp%2Fv2%2Fmedia&parent=59312"}],"wp:term":[{"taxonomy":"category","embeddable":true,"href":"https:\/\/encuentroinformativo.com.mx\/index.php?rest_route=%2Fwp%2Fv2%2Fcategories&post=59312"},{"taxonomy":"post_tag","embeddable":true,"href":"https:\/\/encuentroinformativo.com.mx\/index.php?rest_route=%2Fwp%2Fv2%2Ftags&post=59312"}],"curies":[{"name":"wp","href":"https:\/\/api.w.org\/{rel}","templated":true}]}}