{"id":5933,"date":"2020-09-17T15:44:33","date_gmt":"2020-09-17T20:44:33","guid":{"rendered":"https:\/\/encuentroinformativo.com.mx\/?p=5933"},"modified":"2020-09-17T15:44:36","modified_gmt":"2020-09-17T20:44:36","slug":"alcalde-retrasa-programa-de-empleo-temporal-senala-fernandez-garibay","status":"publish","type":"post","link":"https:\/\/encuentroinformativo.com.mx\/?p=5933","title":{"rendered":"Alcalde retrasa programa de Empleo Temporal, se\u00f1ala Fern\u00e1ndez  Garibay"},"content":{"rendered":"\n<p><strong>Dar\u00edo Pale <\/strong><\/p>\n\n\n\n<p>Xalapa, Ver.- El regidor del ayuntamiento de Xalapa Juan Gabriel Fern\u00e1ndez Garibay titular de la Comisi\u00f3n de Desarrollo Econ\u00f3mico, dio a conocer que el alcalde Hip\u00f3lito Rodr\u00edguez Herrero contin\u00faa retrasando el empleo temporal que prometi\u00f3 desde el inicio de la pandemia.<\/p>\n\n\n\n<p>Entrevistado en las calles del centro de Xalapa, se\u00f1al\u00f3 que su propuesta es que los recursos que son para obra p\u00fablica que no es emergente se utilicen para crear los empleos temporales, para las actividades econ\u00f3micas que a\u00fan no son reactivadas.<\/p>\n\n\n\n<p>&#8220;Lo he dicho desde el inicio de la pandemia: necesitamos cancelar obras que no sean de prioridad en este momento. Las podemos pasar para el pr\u00f3ximo a\u00f1o y con estos recursos sacar programas temporales de trabajo, sacar despensa para los sectores vulnerables que no pueden salir&#8221;, se\u00f1al\u00f3.<\/p>\n\n\n\n<p>Las actividades que a\u00fan no est\u00e1n permitidas son los sonideros, due\u00f1os de salones de fiestas y personas que ofertan banquetes, pues son sectores comerciales que a\u00fan no tienen fecha de reactivaci\u00f3n.<\/p>\n\n\n\n<p>Por lo que lament\u00f3 que a pesar de dar opciones como esta en el Cabildo, no son tomadas en cuenta y se sigue postergando esta medida emergente para apoyar a quienes por las medidas sanitarias, no generan ingresos en esta \u00e9poca.<\/p>\n\n\n\n<p>&#8220;Estos empleos, estos programas, me imagino que lo est\u00e1 viendo con sus asesores o con su gente porque al menos a m\u00ed, no se me ha comentado nada&#8221;, acus\u00f3.<\/p>\n\n\n\n<p>Por \u00faltimo respecto a las actividades que se han reactivado, recomend\u00f3 a la poblaci\u00f3n seguir con las medidas sanitarias, &#8220;estamos luchando por reactivar la econom\u00eda, no la vida social&#8221;.<\/p>\n","protected":false},"excerpt":{"rendered":"<p>Dar\u00edo Pale Xalapa, Ver.- El regidor del ayuntamiento de Xalapa Juan Gabriel Fern\u00e1ndez Garibay titular de la Comisi\u00f3n de Desarrollo Econ\u00f3mico, dio a conocer que el alcalde Hip\u00f3lito Rodr\u00edguez Herrero contin\u00faa retrasando el empleo temporal que prometi\u00f3 desde el inicio de la pandemia. Entrevistado en las calles del centro de Xalapa, se\u00f1al\u00f3 que su propuesta [&hellip;]<\/p>\n","protected":false},"author":1,"featured_media":5934,"comment_status":"open","ping_status":"open","sticky":false,"template":"","format":"aside","meta":{"_jetpack_memberships_contains_paid_content":false,"footnotes":""},"categories":[3],"tags":[],"class_list":["post-5933","post","type-post","status-publish","format-aside","has-post-thumbnail","hentry","category-xalapa","post_format-post-format-aside"],"jetpack_featured_media_url":"https:\/\/encuentroinformativo.com.mx\/wp-content\/uploads\/2020\/09\/53E230B7-25F3-4CE3-8103-C8218C745DE8.jpeg","jetpack_sharing_enabled":true,"jetpack_likes_enabled":true,"amp_enabled":true,"_links":{"self":[{"href":"https:\/\/encuentroinformativo.com.mx\/index.php?rest_route=\/wp\/v2\/posts\/5933","targetHints":{"allow":["GET"]}}],"collection":[{"href":"https:\/\/encuentroinformativo.com.mx\/index.php?rest_route=\/wp\/v2\/posts"}],"about":[{"href":"https:\/\/encuentroinformativo.com.mx\/index.php?rest_route=\/wp\/v2\/types\/post"}],"author":[{"embeddable":true,"href":"https:\/\/encuentroinformativo.com.mx\/index.php?rest_route=\/wp\/v2\/users\/1"}],"replies":[{"embeddable":true,"href":"https:\/\/encuentroinformativo.com.mx\/index.php?rest_route=%2Fwp%2Fv2%2Fcomments&post=5933"}],"version-history":[{"count":1,"href":"https:\/\/encuentroinformativo.com.mx\/index.php?rest_route=\/wp\/v2\/posts\/5933\/revisions"}],"predecessor-version":[{"id":5935,"href":"https:\/\/encuentroinformativo.com.mx\/index.php?rest_route=\/wp\/v2\/posts\/5933\/revisions\/5935"}],"wp:featuredmedia":[{"embeddable":true,"href":"https:\/\/encuentroinformativo.com.mx\/index.php?rest_route=\/wp\/v2\/media\/5934"}],"wp:attachment":[{"href":"https:\/\/encuentroinformativo.com.mx\/index.php?rest_route=%2Fwp%2Fv2%2Fmedia&parent=5933"}],"wp:term":[{"taxonomy":"category","embeddable":true,"href":"https:\/\/encuentroinformativo.com.mx\/index.php?rest_route=%2Fwp%2Fv2%2Fcategories&post=5933"},{"taxonomy":"post_tag","embeddable":true,"href":"https:\/\/encuentroinformativo.com.mx\/index.php?rest_route=%2Fwp%2Fv2%2Ftags&post=5933"}],"curies":[{"name":"wp","href":"https:\/\/api.w.org\/{rel}","templated":true}]}}