{"id":59333,"date":"2024-10-08T12:02:21","date_gmt":"2024-10-08T18:02:21","guid":{"rendered":"https:\/\/encuentroinformativo.com.mx\/?p=59333"},"modified":"2024-10-08T12:02:25","modified_gmt":"2024-10-08T18:02:25","slug":"no-debemos-acostumbrarnos-a-la-violencia-iglesia","status":"publish","type":"post","link":"https:\/\/encuentroinformativo.com.mx\/?p=59333","title":{"rendered":"No debemos acostumbrarnos a la violencia: Iglesia"},"content":{"rendered":"\n<p><strong>Dar\u00edo Pale <\/strong><\/p>\n\n\n\n<p>Xalapa, Ver.- El vocero de la Arquidi\u00f3cesis de Xalapa, Juan Berinst\u00e1in de los Santos dio a conocer que, no podemos acostumbrarnos a vivir en medio de la violencia, esto tras los lamentables hechos que se registraron el d\u00eda de ayer en el estado.<\/p>\n\n\n\n<p>En entrevista se\u00f1al\u00f3 que, tras los hechos delictivos que han estado ocurriendo en la Entidad, el m\u00e1s reciente este lunes en pleno centro de la capital, conden\u00f3 los hechos y pidi\u00f3 a las autoridades competentes que hagan las investigaciones a profundidad, ya que el Estado cuenta con todos los recursos para hacerlo.<\/p>\n\n\n\n<p>Dio a conocer que los obispos de M\u00e9xico hicieron un posicionamiento por la violencia que priva en distintas entidades del pa\u00eds como Chiapas, donde hubo un aparente excesivo uso de la fuerza contra personas migrantes.<\/p>\n\n\n\n<p>&#8220;Nosotros no podemos acostumbrarnos a vivir en medio de las balaceras, en medio de esta violencia, es necesario orar, encomendarnos, decirle a la gente que no pierda la esperanza, porque la esperanza nos da la vida&#8221;, manifest\u00f3.<\/p>\n\n\n\n<p>El representante cat\u00f3lico refiri\u00f3 que en el proceso electoral pasado los candidatos firmaron un acuerdo para luchar por la paz.<\/p>\n\n\n\n<p>Pidi\u00f3 que no se normalice la violencia, sobre todo en los ni\u00f1os, por lo que se debe seguir insistiendo y luchando contra la delincuencia porque M\u00e9xico es de todos.<\/p>\n\n\n\n<p>&#8220;Nos preocupa la violencia a nivel interior y a nivel exterior. Nos preocupa la violencia, las carreteras, que no hay medicamentos y el sistema educativo seguimos igual\u201d, se\u00f1al\u00f3.<\/p>\n\n\n\n<p>Por \u00faltimo dio a conocer que, \u201cun amplio sector de nuestra sociedad tiene expectativas de la doctora Claudia Sheinbaum, con nueva gente se puede hacer algo&#8221;.<\/p>\n","protected":false},"excerpt":{"rendered":"<p>Dar\u00edo Pale Xalapa, Ver.- El vocero de la Arquidi\u00f3cesis de Xalapa, Juan Berinst\u00e1in de los Santos dio a conocer que, no podemos acostumbrarnos a vivir en medio de la violencia, esto tras los lamentables hechos que se registraron el d\u00eda de ayer en el estado. En entrevista se\u00f1al\u00f3 que, tras los hechos delictivos que han [&hellip;]<\/p>\n","protected":false},"author":2476,"featured_media":59334,"comment_status":"open","ping_status":"open","sticky":false,"template":"","format":"standard","meta":{"_jetpack_memberships_contains_paid_content":false,"footnotes":""},"categories":[3],"tags":[],"class_list":["post-59333","post","type-post","status-publish","format-standard","has-post-thumbnail","hentry","category-xalapa"],"jetpack_featured_media_url":"https:\/\/encuentroinformativo.com.mx\/wp-content\/uploads\/2024\/10\/IMG-20241008-WA00132.jpg","jetpack_sharing_enabled":true,"jetpack_likes_enabled":true,"amp_enabled":true,"_links":{"self":[{"href":"https:\/\/encuentroinformativo.com.mx\/index.php?rest_route=\/wp\/v2\/posts\/59333","targetHints":{"allow":["GET"]}}],"collection":[{"href":"https:\/\/encuentroinformativo.com.mx\/index.php?rest_route=\/wp\/v2\/posts"}],"about":[{"href":"https:\/\/encuentroinformativo.com.mx\/index.php?rest_route=\/wp\/v2\/types\/post"}],"author":[{"embeddable":true,"href":"https:\/\/encuentroinformativo.com.mx\/index.php?rest_route=\/wp\/v2\/users\/2476"}],"replies":[{"embeddable":true,"href":"https:\/\/encuentroinformativo.com.mx\/index.php?rest_route=%2Fwp%2Fv2%2Fcomments&post=59333"}],"version-history":[{"count":1,"href":"https:\/\/encuentroinformativo.com.mx\/index.php?rest_route=\/wp\/v2\/posts\/59333\/revisions"}],"predecessor-version":[{"id":59335,"href":"https:\/\/encuentroinformativo.com.mx\/index.php?rest_route=\/wp\/v2\/posts\/59333\/revisions\/59335"}],"wp:featuredmedia":[{"embeddable":true,"href":"https:\/\/encuentroinformativo.com.mx\/index.php?rest_route=\/wp\/v2\/media\/59334"}],"wp:attachment":[{"href":"https:\/\/encuentroinformativo.com.mx\/index.php?rest_route=%2Fwp%2Fv2%2Fmedia&parent=59333"}],"wp:term":[{"taxonomy":"category","embeddable":true,"href":"https:\/\/encuentroinformativo.com.mx\/index.php?rest_route=%2Fwp%2Fv2%2Fcategories&post=59333"},{"taxonomy":"post_tag","embeddable":true,"href":"https:\/\/encuentroinformativo.com.mx\/index.php?rest_route=%2Fwp%2Fv2%2Ftags&post=59333"}],"curies":[{"name":"wp","href":"https:\/\/api.w.org\/{rel}","templated":true}]}}