{"id":59342,"date":"2024-10-08T13:32:21","date_gmt":"2024-10-08T19:32:21","guid":{"rendered":"https:\/\/encuentroinformativo.com.mx\/?p=59342"},"modified":"2024-10-08T13:32:27","modified_gmt":"2024-10-08T19:32:27","slug":"hay-un-detenido-por-hallazgo-de-restos-humanos-en-xalapa-gobernador","status":"publish","type":"post","link":"https:\/\/encuentroinformativo.com.mx\/?p=59342","title":{"rendered":"Hay un detenido por hallazgo de restos humanos en Xalapa: Gobernador"},"content":{"rendered":"\n<p><strong>Dar\u00edo Pale <\/strong><\/p>\n\n\n\n<p>Xalapa, Ver.- Confirma Gobernador que restos humanos hallados en dos sitios de Xalapa eran de un hombre, define que solamente hay un detenido, adem\u00e1s de que no hay v\u00ednculo con la delincuencia, hay una l\u00ednea de investigaci\u00f3n que se perfila como un tema personal.<\/p>\n\n\n\n<p>En conferencia de prensa el gobernador Cuitl\u00e1huac Garc\u00eda Jim\u00e9nez, confirm\u00f3 que los restos humanos hallados este lunes en dos sitios de la capital veracruzana, son de un hombre, adem\u00e1s, inform\u00f3 que solamente hay una persona detenida que habr\u00eda sido conocido de la v\u00edctima.<\/p>\n\n\n\n<p>&#8220;A partir de que la Fiscal\u00eda\u00a0 inicia las investigaciones se trata de una persona de sexo masculino que\u00a0 pierde la vida en una situaci\u00f3n que la Fiscal\u00eda\u00a0 sigue investigando, y\u00a0 hay un detenido al respecto responsable hasta ahora uno de ellos conocido de\u00a0 que trabajaba con \u00e9l y seguir\u00e1 la Fiscal\u00eda sobre la presunci\u00f3n de la responsabilidad de esta persona&#8221;, se\u00f1al\u00f3.<\/p>\n\n\n\n<p>Adem\u00e1s, inform\u00f3 que solamente hay una persona detenida que habr\u00eda sido conocido de la v\u00edctima.<\/p>\n\n\n\n<p>Estim\u00f3 que en las pr\u00f3ximas horas la Fiscal\u00eda dar\u00e1 a conocer la situaci\u00f3n legal del detenido, descart\u00f3 que los hechos est\u00e9n relacionados con la delincuencia organizada, se trat\u00f3 de un tema &#8220;muy personal&#8221; entre el presunto responsable y la v\u00edctima.<\/p>\n\n\n\n<p>&#8220;No se\u00a0 no se trata de delincuencia organizada, no se trata de nada de eso, al parecer un tema muy personal entre el presunto responsable y la v\u00edctima y as\u00ed lo est\u00e1 investigando la Fiscal\u00eda y\u00a0 ya tiene el motivo por eso, por lo que logr\u00f3 m\u00e1s o menos ver qui\u00e9n pod\u00eda ser el responsable y en las pr\u00f3ximas d\u00edas o sea ma\u00f1ana pasado dar\u00e1 mayor informaci\u00f3n sobre este hecho&#8221;, coment\u00f3.<\/p>\n\n\n\n<p>Y as\u00ed lo est\u00e1 investigando la Fiscal\u00eda, adem\u00e1s, adelant\u00f3 que el organismo aut\u00f3nomo ya conoce el motivo para saber qui\u00e9n es el responsable.<\/p>\n\n\n\n<p>&#8220;En los pr\u00f3ximos d\u00edas, ma\u00f1ana o pasado dar\u00e1 a conocer mayor informaci\u00f3n. Qu\u00e9 sucedi\u00f3: en una casa abandonada ac\u00e1 en la zona de 5 de febrero con Poeta Jes\u00fas D\u00edaz encuentran una casa y ah\u00ed encuentran los restos del cuerpo, otras extremidades estaban en otra calle, Gonz\u00e1lez Ortega en un lugar abandonado&#8221;, expuso.<\/p>\n\n\n\n<p>Confirm\u00f3 tambi\u00e9n que los restos humanos hallados en ambos domicilios corresponden a la misma persona.<\/p>\n\n\n\n<p>&#8220;Y ya tambi\u00e9n tienen identificada casi a la persona, precisamente es que la Fiscal\u00eda logra armar la l\u00ednea de investigaci\u00f3n, el motivo por el cual pudo haber sucedido esto.<\/p>\n\n\n\n<p>Y entonces hace una detenci\u00f3n, est\u00e1 en los t\u00e9rminos legales para que se aclare esto y lo hemos dicho muchas veces: confiamos en la Fiscal\u00eda porque ha demostrado que no hay impunidad&#8221;, manifest\u00f3.<\/p>\n\n\n\n<p>Reproch\u00f3 que haya una intenci\u00f3n medi\u00e1tica de algunos medios de comunicaci\u00f3n de &#8220;lanzar la mentira&#8221; sin corroborar.<\/p>\n\n\n\n<p>Sostuvo que los medios de comunicaci\u00f3n informaron que se trat\u00f3 de una mujer, cuando la Fiscal\u00eda defini\u00f3 que era un hombre, cuando ello no fue as\u00ed.<\/p>\n","protected":false},"excerpt":{"rendered":"<p>Dar\u00edo Pale Xalapa, Ver.- Confirma Gobernador que restos humanos hallados en dos sitios de Xalapa eran de un hombre, define que solamente hay un detenido, adem\u00e1s de que no hay v\u00ednculo con la delincuencia, hay una l\u00ednea de investigaci\u00f3n que se perfila como un tema personal. En conferencia de prensa el gobernador Cuitl\u00e1huac Garc\u00eda Jim\u00e9nez, [&hellip;]<\/p>\n","protected":false},"author":2476,"featured_media":59343,"comment_status":"open","ping_status":"open","sticky":false,"template":"","format":"standard","meta":{"_jetpack_memberships_contains_paid_content":false,"footnotes":""},"categories":[2],"tags":[],"class_list":["post-59342","post","type-post","status-publish","format-standard","has-post-thumbnail","hentry","category-estado"],"jetpack_featured_media_url":"https:\/\/encuentroinformativo.com.mx\/wp-content\/uploads\/2024\/10\/IMG-20241008-WA0033.jpg","jetpack_sharing_enabled":true,"jetpack_likes_enabled":true,"amp_enabled":true,"_links":{"self":[{"href":"https:\/\/encuentroinformativo.com.mx\/index.php?rest_route=\/wp\/v2\/posts\/59342","targetHints":{"allow":["GET"]}}],"collection":[{"href":"https:\/\/encuentroinformativo.com.mx\/index.php?rest_route=\/wp\/v2\/posts"}],"about":[{"href":"https:\/\/encuentroinformativo.com.mx\/index.php?rest_route=\/wp\/v2\/types\/post"}],"author":[{"embeddable":true,"href":"https:\/\/encuentroinformativo.com.mx\/index.php?rest_route=\/wp\/v2\/users\/2476"}],"replies":[{"embeddable":true,"href":"https:\/\/encuentroinformativo.com.mx\/index.php?rest_route=%2Fwp%2Fv2%2Fcomments&post=59342"}],"version-history":[{"count":1,"href":"https:\/\/encuentroinformativo.com.mx\/index.php?rest_route=\/wp\/v2\/posts\/59342\/revisions"}],"predecessor-version":[{"id":59344,"href":"https:\/\/encuentroinformativo.com.mx\/index.php?rest_route=\/wp\/v2\/posts\/59342\/revisions\/59344"}],"wp:featuredmedia":[{"embeddable":true,"href":"https:\/\/encuentroinformativo.com.mx\/index.php?rest_route=\/wp\/v2\/media\/59343"}],"wp:attachment":[{"href":"https:\/\/encuentroinformativo.com.mx\/index.php?rest_route=%2Fwp%2Fv2%2Fmedia&parent=59342"}],"wp:term":[{"taxonomy":"category","embeddable":true,"href":"https:\/\/encuentroinformativo.com.mx\/index.php?rest_route=%2Fwp%2Fv2%2Fcategories&post=59342"},{"taxonomy":"post_tag","embeddable":true,"href":"https:\/\/encuentroinformativo.com.mx\/index.php?rest_route=%2Fwp%2Fv2%2Ftags&post=59342"}],"curies":[{"name":"wp","href":"https:\/\/api.w.org\/{rel}","templated":true}]}}