{"id":59345,"date":"2024-10-08T14:21:03","date_gmt":"2024-10-08T20:21:03","guid":{"rendered":"https:\/\/encuentroinformativo.com.mx\/?p=59345"},"modified":"2024-10-08T14:21:08","modified_gmt":"2024-10-08T20:21:08","slug":"condenan-cineastas-muerte-de-ingeniero-de-iluminacion","status":"publish","type":"post","link":"https:\/\/encuentroinformativo.com.mx\/?p=59345","title":{"rendered":"Condenan cineastas muerte de ingeniero de iluminaci\u00f3n"},"content":{"rendered":"\n<p><strong>Dar\u00edo Pale <\/strong><\/p>\n\n\n\n<p>Xalapa, Ver.- El cuerpo que apareci\u00f3 desmembrado la tarde de este lunes en dos casas, una en la calle Poeta Jes\u00fas D\u00edaz esquina 5 de Febrero y otra en la calle Jes\u00fas Gonz\u00e1lez Ortega, corresponde al de un ingeniero de iluminaci\u00f3n asesinado presuntamente en una casa del centro de Xalapa, por lo que los cineastas veracruzanos condenaron su muerte.<\/p>\n\n\n\n<p>En conferencia de prensa se\u00f1alaron que, &#8220;lo que acaba de pasar ayer es inaceptable y las repercusiones de eso van a ser grandes. Yo espero que eso d\u00e9 pie a la uni\u00f3n de todas las personas de este gremio f\u00edlmico veracruzano y que podamos exigir y cimentar mejor seguridad y mejores condiciones de seguridad y tambi\u00e9n ambientes laborales m\u00e1s sanos&#8221; expres\u00f3 Julio Ramos, cineasta originario de Coatzacoalcos.\u00a0<\/p>\n\n\n\n<p>A t\u00edtulo personal, Pablo Romo, organizador de diferentes festivales de cine en la entidad dijo que &#8220;la violencia contra quien sea es inaceptable&#8230;es una problem\u00e1tica que las autoridades deben atender, no s\u00f3lo las locales, si no a nivel nacional&#8221;.<\/p>\n\n\n\n<p>Se\u00f1al\u00f3 que espera que las autoridades hagan una investigaci\u00f3n pronta y expedita sobre este caso que tiene estremecida a la poblaci\u00f3n de la capital veracruzana.\u00a0\u00a0<\/p>\n\n\n\n<p>Por \u00faltimo cabe se\u00f1alar que la declaraci\u00f3n de ambos cineastas fue hecha este martes en Xalapa durante la presentaci\u00f3n del pr\u00f3ximo Festival de Cortometraje Veracruzano que se realizar\u00e1 a partir del 10 de octubre en esta capital.<\/p>\n","protected":false},"excerpt":{"rendered":"<p>Dar\u00edo Pale Xalapa, Ver.- El cuerpo que apareci\u00f3 desmembrado la tarde de este lunes en dos casas, una en la calle Poeta Jes\u00fas D\u00edaz esquina 5 de Febrero y otra en la calle Jes\u00fas Gonz\u00e1lez Ortega, corresponde al de un ingeniero de iluminaci\u00f3n asesinado presuntamente en una casa del centro de Xalapa, por lo que [&hellip;]<\/p>\n","protected":false},"author":2476,"featured_media":59348,"comment_status":"open","ping_status":"open","sticky":false,"template":"","format":"standard","meta":{"_jetpack_memberships_contains_paid_content":false,"footnotes":""},"categories":[3],"tags":[],"class_list":["post-59345","post","type-post","status-publish","format-standard","has-post-thumbnail","hentry","category-xalapa"],"jetpack_featured_media_url":"https:\/\/encuentroinformativo.com.mx\/wp-content\/uploads\/2024\/10\/IMG-20241008-WA00642.jpg","jetpack_sharing_enabled":true,"jetpack_likes_enabled":true,"amp_enabled":true,"_links":{"self":[{"href":"https:\/\/encuentroinformativo.com.mx\/index.php?rest_route=\/wp\/v2\/posts\/59345","targetHints":{"allow":["GET"]}}],"collection":[{"href":"https:\/\/encuentroinformativo.com.mx\/index.php?rest_route=\/wp\/v2\/posts"}],"about":[{"href":"https:\/\/encuentroinformativo.com.mx\/index.php?rest_route=\/wp\/v2\/types\/post"}],"author":[{"embeddable":true,"href":"https:\/\/encuentroinformativo.com.mx\/index.php?rest_route=\/wp\/v2\/users\/2476"}],"replies":[{"embeddable":true,"href":"https:\/\/encuentroinformativo.com.mx\/index.php?rest_route=%2Fwp%2Fv2%2Fcomments&post=59345"}],"version-history":[{"count":1,"href":"https:\/\/encuentroinformativo.com.mx\/index.php?rest_route=\/wp\/v2\/posts\/59345\/revisions"}],"predecessor-version":[{"id":59347,"href":"https:\/\/encuentroinformativo.com.mx\/index.php?rest_route=\/wp\/v2\/posts\/59345\/revisions\/59347"}],"wp:featuredmedia":[{"embeddable":true,"href":"https:\/\/encuentroinformativo.com.mx\/index.php?rest_route=\/wp\/v2\/media\/59348"}],"wp:attachment":[{"href":"https:\/\/encuentroinformativo.com.mx\/index.php?rest_route=%2Fwp%2Fv2%2Fmedia&parent=59345"}],"wp:term":[{"taxonomy":"category","embeddable":true,"href":"https:\/\/encuentroinformativo.com.mx\/index.php?rest_route=%2Fwp%2Fv2%2Fcategories&post=59345"},{"taxonomy":"post_tag","embeddable":true,"href":"https:\/\/encuentroinformativo.com.mx\/index.php?rest_route=%2Fwp%2Fv2%2Ftags&post=59345"}],"curies":[{"name":"wp","href":"https:\/\/api.w.org\/{rel}","templated":true}]}}