{"id":59355,"date":"2024-10-08T14:56:44","date_gmt":"2024-10-08T20:56:44","guid":{"rendered":"https:\/\/encuentroinformativo.com.mx\/?p=59355"},"modified":"2024-10-08T14:56:50","modified_gmt":"2024-10-08T20:56:50","slug":"anuncian-festival-noche-de-catrinas-en-xico","status":"publish","type":"post","link":"https:\/\/encuentroinformativo.com.mx\/?p=59355","title":{"rendered":"Anuncian Festival &#8220;Noche de Catrinas&#8221; en Xico"},"content":{"rendered":"\n<p><strong>Dar\u00edo Pale <\/strong><\/p>\n\n\n\n<p>Xalapa, Ver.- Este martes, anunciaron la cuarta edici\u00f3n del Festival &#8220;Noche de Catrinas&#8221; que se llevar\u00e1 a cabo en Xico y Xalapa en el marco de las festividades del D\u00eda de Muertos.\u00a0<\/p>\n\n\n\n<p>Organizadores en rueda de prensa, indicaron que en Xico se realizar\u00e1 el desfile de Catrinas sobre la calle Miguel Hidalgo el d\u00eda 19 de octubre en punto de las 6 de la tarde y participar\u00e1n escuelas.\u00a0<\/p>\n\n\n\n<p>Al respecto, el director de Desarrollo Econ\u00f3mico y Turismo, Javier Izaguirre Mart\u00ednez, indic\u00f3 que adem\u00e1s el programa durante el 19 y 20 de octubre, contempla actividades art\u00edsticas y culturales como talleres de papel picado y decoraci\u00f3n de calaveritas de az\u00facar.\u00a0<\/p>\n\n\n\n<p>Asimismo, se har\u00e1 una alfombra teniendo como motivo del D\u00eda de Muertos, y la instalaci\u00f3n de pabellones culturales, artesanales y gastron\u00f3micos.\u00a0<\/p>\n\n\n\n<p>Aclar\u00f3 que el proyecto es de la iniciativa privada y sociedad civil con la coordinaci\u00f3n y apoyo del Ayuntamiento.\u00a0<\/p>\n\n\n\n<p>Consider\u00f3 que se tendr\u00e1 una afluencia de unas mil personas y es un evento que fomenta las tradiciones, atrae turismo\u00a0 y deja una derrama econ\u00f3mica no solo a hoteles y restaurantes, sino a todo comercio.\u00a0<\/p>\n\n\n\n<p>Este festival se replicar\u00e1 en Xalapa los d\u00edas 26 y 27 de octubre tambi\u00e9n con un programa amplio art\u00edstico y cultural.<\/p>\n","protected":false},"excerpt":{"rendered":"<p>Dar\u00edo Pale Xalapa, Ver.- Este martes, anunciaron la cuarta edici\u00f3n del Festival &#8220;Noche de Catrinas&#8221; que se llevar\u00e1 a cabo en Xico y Xalapa en el marco de las festividades del D\u00eda de Muertos.\u00a0 Organizadores en rueda de prensa, indicaron que en Xico se realizar\u00e1 el desfile de Catrinas sobre la calle Miguel Hidalgo el [&hellip;]<\/p>\n","protected":false},"author":2476,"featured_media":59356,"comment_status":"open","ping_status":"open","sticky":false,"template":"","format":"standard","meta":{"_jetpack_memberships_contains_paid_content":false,"footnotes":""},"categories":[8],"tags":[],"class_list":["post-59355","post","type-post","status-publish","format-standard","has-post-thumbnail","hentry","category-region"],"jetpack_featured_media_url":"https:\/\/encuentroinformativo.com.mx\/wp-content\/uploads\/2024\/10\/IMG-20241008-WA0076.jpg","jetpack_sharing_enabled":true,"jetpack_likes_enabled":true,"amp_enabled":true,"_links":{"self":[{"href":"https:\/\/encuentroinformativo.com.mx\/index.php?rest_route=\/wp\/v2\/posts\/59355","targetHints":{"allow":["GET"]}}],"collection":[{"href":"https:\/\/encuentroinformativo.com.mx\/index.php?rest_route=\/wp\/v2\/posts"}],"about":[{"href":"https:\/\/encuentroinformativo.com.mx\/index.php?rest_route=\/wp\/v2\/types\/post"}],"author":[{"embeddable":true,"href":"https:\/\/encuentroinformativo.com.mx\/index.php?rest_route=\/wp\/v2\/users\/2476"}],"replies":[{"embeddable":true,"href":"https:\/\/encuentroinformativo.com.mx\/index.php?rest_route=%2Fwp%2Fv2%2Fcomments&post=59355"}],"version-history":[{"count":1,"href":"https:\/\/encuentroinformativo.com.mx\/index.php?rest_route=\/wp\/v2\/posts\/59355\/revisions"}],"predecessor-version":[{"id":59357,"href":"https:\/\/encuentroinformativo.com.mx\/index.php?rest_route=\/wp\/v2\/posts\/59355\/revisions\/59357"}],"wp:featuredmedia":[{"embeddable":true,"href":"https:\/\/encuentroinformativo.com.mx\/index.php?rest_route=\/wp\/v2\/media\/59356"}],"wp:attachment":[{"href":"https:\/\/encuentroinformativo.com.mx\/index.php?rest_route=%2Fwp%2Fv2%2Fmedia&parent=59355"}],"wp:term":[{"taxonomy":"category","embeddable":true,"href":"https:\/\/encuentroinformativo.com.mx\/index.php?rest_route=%2Fwp%2Fv2%2Fcategories&post=59355"},{"taxonomy":"post_tag","embeddable":true,"href":"https:\/\/encuentroinformativo.com.mx\/index.php?rest_route=%2Fwp%2Fv2%2Ftags&post=59355"}],"curies":[{"name":"wp","href":"https:\/\/api.w.org\/{rel}","templated":true}]}}