{"id":59358,"date":"2024-10-09T10:36:31","date_gmt":"2024-10-09T16:36:31","guid":{"rendered":"https:\/\/encuentroinformativo.com.mx\/?p=59358"},"modified":"2024-10-09T10:36:35","modified_gmt":"2024-10-09T16:36:35","slug":"reclaman-docente-para-kinder-en-el-sumidero","status":"publish","type":"post","link":"https:\/\/encuentroinformativo.com.mx\/?p=59358","title":{"rendered":"Reclaman docente para k\u00ednder en El Sumidero"},"content":{"rendered":"\n<p><strong>Dar\u00edo Pale <\/strong><\/p>\n\n\n\n<p>Xalapa, Ver.- Padres de familia del Jard\u00edn de Ni\u00f1os Enrique Olavarr\u00eda y Ferrari que se ubica en la calle Nuez de la colonia de El Sumidero, se manifestaron esta ma\u00f1ana para exigir que la Secretar\u00eda de Educaci\u00f3n\u00a0 de Veracruz (SEV) designe al plantel un docente de educaci\u00f3n f\u00edsica.\u00a0<\/p>\n\n\n\n<p>Entrevistada durante la manifestaci\u00f3n, la presidenta de la Asociaci\u00f3n de Padres de Familia, Edith Mendoza \u00c1lvarez, indic\u00f3 que desde el a\u00f1o pasado los alumnos no cuentan con maestro para esta \u00e1rea.\u00a0<\/p>\n\n\n\n<p>Se\u00f1al\u00f3 que a pesar de que ya han solicitado al docente a la SEV, solo les dan largas y no env\u00edan a nadie.\u00a0<\/p>\n\n\n\n<p>&#8220;Acudimos a las oficinas qu\u00e9 est\u00e1n en el gimnasio Omega y nos dijeron que 4 de julio vendr\u00eda un maestro pero no lleg\u00f3. Y despu\u00e9s que el mi\u00e9rcoles de la semana pasada y no lo han mandado&#8221;, se\u00f1al\u00f3.<\/p>\n\n\n\n<p>Asimismo, precis\u00f3 que esta situaci\u00f3n est\u00e1 afectando a m\u00e1s de 80 ni\u00f1os de la instituci\u00f3n, pues aunque las maestras realizan un trabajo de activaci\u00f3n no les corresponde y no es lo mismo.\u00a0<\/p>\n\n\n\n<p>Finalmente, advirti\u00f3 que no se retirar\u00e1n hasta que la SEV les d\u00e9 una soluci\u00f3n, &#8220;hoy no dejaremos entrar a nadie, este d\u00eda nos dijeron que iban a mandar a alguien pero no es as\u00ed&#8221;.<\/p>\n","protected":false},"excerpt":{"rendered":"<p>Dar\u00edo Pale Xalapa, Ver.- Padres de familia del Jard\u00edn de Ni\u00f1os Enrique Olavarr\u00eda y Ferrari que se ubica en la calle Nuez de la colonia de El Sumidero, se manifestaron esta ma\u00f1ana para exigir que la Secretar\u00eda de Educaci\u00f3n\u00a0 de Veracruz (SEV) designe al plantel un docente de educaci\u00f3n f\u00edsica.\u00a0 Entrevistada durante la manifestaci\u00f3n, la [&hellip;]<\/p>\n","protected":false},"author":2476,"featured_media":59359,"comment_status":"open","ping_status":"open","sticky":false,"template":"","format":"standard","meta":{"_jetpack_memberships_contains_paid_content":false,"footnotes":""},"categories":[3],"tags":[],"class_list":["post-59358","post","type-post","status-publish","format-standard","has-post-thumbnail","hentry","category-xalapa"],"jetpack_featured_media_url":"https:\/\/encuentroinformativo.com.mx\/wp-content\/uploads\/2024\/10\/IMG-20241009-WA0013.jpg","jetpack_sharing_enabled":true,"jetpack_likes_enabled":true,"amp_enabled":true,"_links":{"self":[{"href":"https:\/\/encuentroinformativo.com.mx\/index.php?rest_route=\/wp\/v2\/posts\/59358","targetHints":{"allow":["GET"]}}],"collection":[{"href":"https:\/\/encuentroinformativo.com.mx\/index.php?rest_route=\/wp\/v2\/posts"}],"about":[{"href":"https:\/\/encuentroinformativo.com.mx\/index.php?rest_route=\/wp\/v2\/types\/post"}],"author":[{"embeddable":true,"href":"https:\/\/encuentroinformativo.com.mx\/index.php?rest_route=\/wp\/v2\/users\/2476"}],"replies":[{"embeddable":true,"href":"https:\/\/encuentroinformativo.com.mx\/index.php?rest_route=%2Fwp%2Fv2%2Fcomments&post=59358"}],"version-history":[{"count":1,"href":"https:\/\/encuentroinformativo.com.mx\/index.php?rest_route=\/wp\/v2\/posts\/59358\/revisions"}],"predecessor-version":[{"id":59360,"href":"https:\/\/encuentroinformativo.com.mx\/index.php?rest_route=\/wp\/v2\/posts\/59358\/revisions\/59360"}],"wp:featuredmedia":[{"embeddable":true,"href":"https:\/\/encuentroinformativo.com.mx\/index.php?rest_route=\/wp\/v2\/media\/59359"}],"wp:attachment":[{"href":"https:\/\/encuentroinformativo.com.mx\/index.php?rest_route=%2Fwp%2Fv2%2Fmedia&parent=59358"}],"wp:term":[{"taxonomy":"category","embeddable":true,"href":"https:\/\/encuentroinformativo.com.mx\/index.php?rest_route=%2Fwp%2Fv2%2Fcategories&post=59358"},{"taxonomy":"post_tag","embeddable":true,"href":"https:\/\/encuentroinformativo.com.mx\/index.php?rest_route=%2Fwp%2Fv2%2Ftags&post=59358"}],"curies":[{"name":"wp","href":"https:\/\/api.w.org\/{rel}","templated":true}]}}