{"id":5936,"date":"2020-09-17T17:04:40","date_gmt":"2020-09-17T22:04:40","guid":{"rendered":"https:\/\/encuentroinformativo.com.mx\/?p=5936"},"modified":"2020-09-17T17:04:43","modified_gmt":"2020-09-17T22:04:43","slug":"transporte-iniciara-operativo-para-verificar-que-conductores-no-porten-armas","status":"publish","type":"post","link":"https:\/\/encuentroinformativo.com.mx\/?p=5936","title":{"rendered":"Transporte iniciar\u00e1 operativo para verificar que conductores no porten armas"},"content":{"rendered":"\n<p><strong>Dar\u00edo Pale <\/strong><\/p>\n\n\n\n<p>Xalapa, Ver.- El Delegado de Transporte P\u00fablico en Xalapa, No\u00e9 Gonz\u00e1lez Guti\u00e9rrez dio a conocer que iniciar\u00e1n un operativo para que los conductores de transporte p\u00fablico no traigan ning\u00fan tipo de arma abord\u00f3 de la unidad.<\/p>\n\n\n\n<p>Entrevistado en las instalaciones de la delegaci\u00f3n de transporte p\u00fablico dio a conocer que el taxi que hace unos d\u00edas sali\u00f3 en un video donde el conductor se ve amenazando a un motociclista ya se encuentra en la delegaci\u00f3n para realizarle su infracci\u00f3n, ya que ellos no lo pueden detener debido a que no tienen esa facultad.<\/p>\n\n\n\n<p>Esta unidad y el conductor quedar\u00e1n registrados en la delegaci\u00f3n de transporte p\u00fablico para que en caso de que la persona agraviada interponga su denuncia ante la autoridad competente ellos cuenten con todo el antecedente para poder entreg\u00e1rselos.<\/p>\n\n\n\n<p>Tanto el conductor como el concesionario est\u00e1n en la mejor disposici\u00f3n de aclarar el incidente y ya depender\u00e1 del agraviado si procede conforme a derecho.<\/p>\n\n\n\n<p>Dio a conocer que el conductor del taxi le coment\u00f3 que metros adelante el de la moto le peg\u00f3 por alcance, se quiso dar a la fuga lo alcanz\u00f3 y es donde se hicieron de palabras, el comportamiento del conductor del autom\u00f3vil no debi\u00f3 ser as\u00ed, ya que pudo solicitar el apoyo de la polic\u00eda.<\/p>\n\n\n\n<p>Finalmente dio a conocer que por estas acciones realizar\u00e1n operativos, en coordinaci\u00f3n con elementos de la SSP para evitar que los conductores de transporte p\u00fablico porten cualquier tipo de arma ya que no lo permite el reglamento.<\/p>\n","protected":false},"excerpt":{"rendered":"<p>Dar\u00edo Pale Xalapa, Ver.- El Delegado de Transporte P\u00fablico en Xalapa, No\u00e9 Gonz\u00e1lez Guti\u00e9rrez dio a conocer que iniciar\u00e1n un operativo para que los conductores de transporte p\u00fablico no traigan ning\u00fan tipo de arma abord\u00f3 de la unidad. Entrevistado en las instalaciones de la delegaci\u00f3n de transporte p\u00fablico dio a conocer que el taxi que [&hellip;]<\/p>\n","protected":false},"author":1,"featured_media":5937,"comment_status":"open","ping_status":"open","sticky":false,"template":"","format":"aside","meta":{"_jetpack_memberships_contains_paid_content":false,"footnotes":""},"categories":[2],"tags":[],"class_list":["post-5936","post","type-post","status-publish","format-aside","has-post-thumbnail","hentry","category-estado","post_format-post-format-aside"],"jetpack_featured_media_url":"https:\/\/encuentroinformativo.com.mx\/wp-content\/uploads\/2020\/09\/76F2EB4D-08A1-4902-9826-9CFEC732CB36.jpeg","jetpack_sharing_enabled":true,"jetpack_likes_enabled":true,"amp_enabled":true,"_links":{"self":[{"href":"https:\/\/encuentroinformativo.com.mx\/index.php?rest_route=\/wp\/v2\/posts\/5936","targetHints":{"allow":["GET"]}}],"collection":[{"href":"https:\/\/encuentroinformativo.com.mx\/index.php?rest_route=\/wp\/v2\/posts"}],"about":[{"href":"https:\/\/encuentroinformativo.com.mx\/index.php?rest_route=\/wp\/v2\/types\/post"}],"author":[{"embeddable":true,"href":"https:\/\/encuentroinformativo.com.mx\/index.php?rest_route=\/wp\/v2\/users\/1"}],"replies":[{"embeddable":true,"href":"https:\/\/encuentroinformativo.com.mx\/index.php?rest_route=%2Fwp%2Fv2%2Fcomments&post=5936"}],"version-history":[{"count":1,"href":"https:\/\/encuentroinformativo.com.mx\/index.php?rest_route=\/wp\/v2\/posts\/5936\/revisions"}],"predecessor-version":[{"id":5938,"href":"https:\/\/encuentroinformativo.com.mx\/index.php?rest_route=\/wp\/v2\/posts\/5936\/revisions\/5938"}],"wp:featuredmedia":[{"embeddable":true,"href":"https:\/\/encuentroinformativo.com.mx\/index.php?rest_route=\/wp\/v2\/media\/5937"}],"wp:attachment":[{"href":"https:\/\/encuentroinformativo.com.mx\/index.php?rest_route=%2Fwp%2Fv2%2Fmedia&parent=5936"}],"wp:term":[{"taxonomy":"category","embeddable":true,"href":"https:\/\/encuentroinformativo.com.mx\/index.php?rest_route=%2Fwp%2Fv2%2Fcategories&post=5936"},{"taxonomy":"post_tag","embeddable":true,"href":"https:\/\/encuentroinformativo.com.mx\/index.php?rest_route=%2Fwp%2Fv2%2Ftags&post=5936"}],"curies":[{"name":"wp","href":"https:\/\/api.w.org\/{rel}","templated":true}]}}