{"id":59361,"date":"2024-10-09T12:01:29","date_gmt":"2024-10-09T18:01:29","guid":{"rendered":"https:\/\/encuentroinformativo.com.mx\/?p=59361"},"modified":"2024-10-09T12:01:34","modified_gmt":"2024-10-09T18:01:34","slug":"confian-que-nuevo-sexenio-aplique-reclasificacion-de-tarifas-de-cfe-en-veracruz","status":"publish","type":"post","link":"https:\/\/encuentroinformativo.com.mx\/?p=59361","title":{"rendered":"Conf\u00edan que nuevo sexenio aplique  reclasificaci\u00f3n de tarifas de CFE en Veracruz"},"content":{"rendered":"\n<p><strong>Dar\u00edo Pale <\/strong><\/p>\n\n\n\n<p>Xalapa, Ver.- Jorge Morales Barradas, vocero del Movimiento de lucha social \u201cLa Leyenda de Chucho El Roto\u201d, espera que lo declarado por la presidenta de M\u00e9xico sobre la reclasificaci\u00f3n de las tarifas el\u00e9ctricas no solo sea una cortina de humo.\u00a0<\/p>\n\n\n\n<p>En conferencia de prensa se\u00f1al\u00f3 que, el d\u00eda lunes 7 de octubre sucedi\u00f3 algo muy importante donde la presidenta de M\u00e9xico Claudia Sheinbaum se pronunci\u00f3 sobre las tarifas el\u00e9ctricas en Veracruz sobre si es posible que se reclasifiquen y que se beneficie a miles de familias del estado, ya que anunci\u00f3 que realizar\u00e1 un estudio y analizaran el tema.<\/p>\n\n\n\n<p>\u201cHay muchas posibilidades de que estas tarifas el\u00e9ctricas en Veracruz realmente sean un hecho en el transcurso del sexenio, ella habl\u00f3 del sexenio para hacer este proyecto y que realmente se beneficie a los veracruzanos, por lo que nosotros vemos aqu\u00ed que la lucha de miles de familias, el sufrimiento de miles de familia, la falta de respeto tambi\u00e9n que en muchas ocasiones han recibido las familias de Veracruz por parte de la instituci\u00f3n de la CFE, pues en alg\u00fan momento se va a terminar\u201d, se\u00f1al\u00f3.<\/p>\n\n\n\n<p>Dijo que ven con mucho \u00e1nimo que su tema va caminando, pero van a seguir en la lucha y van a seguir insistiendo, ya que quieren que el beneficio llegue a todos los veracruzanos principalmente a las familias en estado de vulnerabilidad.<\/p>\n\n\n\n<p>Dijo que espera que exista la voluntad pol\u00edtica por parte de los diputados federales y senadores para que defiendan a los veracruzanos \u201cojala y no sea humo nada m\u00e1s y que no sea nada m\u00e1s llamarada de petate y que realmente se metan a defender a los veracruzanos porque es el momento de que se haga justicia para los veracruzanos y que realmente esta voluntad pol\u00edtica sea en beneficio del pueblo\u201d.<\/p>\n\n\n\n<p>Finalmente se\u00f1al\u00f3 que, \u201cque si hay amor realmente hacia el pueblo ese amor debe de ser reflejado en beneficio social y econ\u00f3mico para nuestras familias de Veracruz\u201d.<\/p>\n","protected":false},"excerpt":{"rendered":"<p>Dar\u00edo Pale Xalapa, Ver.- Jorge Morales Barradas, vocero del Movimiento de lucha social \u201cLa Leyenda de Chucho El Roto\u201d, espera que lo declarado por la presidenta de M\u00e9xico sobre la reclasificaci\u00f3n de las tarifas el\u00e9ctricas no solo sea una cortina de humo.\u00a0 En conferencia de prensa se\u00f1al\u00f3 que, el d\u00eda lunes 7 de octubre sucedi\u00f3 [&hellip;]<\/p>\n","protected":false},"author":2476,"featured_media":59362,"comment_status":"open","ping_status":"open","sticky":false,"template":"","format":"standard","meta":{"_jetpack_memberships_contains_paid_content":false,"footnotes":""},"categories":[8],"tags":[],"class_list":["post-59361","post","type-post","status-publish","format-standard","has-post-thumbnail","hentry","category-region"],"jetpack_featured_media_url":"https:\/\/encuentroinformativo.com.mx\/wp-content\/uploads\/2024\/10\/IMG-20241009-WA0017.jpg","jetpack_sharing_enabled":true,"jetpack_likes_enabled":true,"amp_enabled":true,"_links":{"self":[{"href":"https:\/\/encuentroinformativo.com.mx\/index.php?rest_route=\/wp\/v2\/posts\/59361","targetHints":{"allow":["GET"]}}],"collection":[{"href":"https:\/\/encuentroinformativo.com.mx\/index.php?rest_route=\/wp\/v2\/posts"}],"about":[{"href":"https:\/\/encuentroinformativo.com.mx\/index.php?rest_route=\/wp\/v2\/types\/post"}],"author":[{"embeddable":true,"href":"https:\/\/encuentroinformativo.com.mx\/index.php?rest_route=\/wp\/v2\/users\/2476"}],"replies":[{"embeddable":true,"href":"https:\/\/encuentroinformativo.com.mx\/index.php?rest_route=%2Fwp%2Fv2%2Fcomments&post=59361"}],"version-history":[{"count":1,"href":"https:\/\/encuentroinformativo.com.mx\/index.php?rest_route=\/wp\/v2\/posts\/59361\/revisions"}],"predecessor-version":[{"id":59363,"href":"https:\/\/encuentroinformativo.com.mx\/index.php?rest_route=\/wp\/v2\/posts\/59361\/revisions\/59363"}],"wp:featuredmedia":[{"embeddable":true,"href":"https:\/\/encuentroinformativo.com.mx\/index.php?rest_route=\/wp\/v2\/media\/59362"}],"wp:attachment":[{"href":"https:\/\/encuentroinformativo.com.mx\/index.php?rest_route=%2Fwp%2Fv2%2Fmedia&parent=59361"}],"wp:term":[{"taxonomy":"category","embeddable":true,"href":"https:\/\/encuentroinformativo.com.mx\/index.php?rest_route=%2Fwp%2Fv2%2Fcategories&post=59361"},{"taxonomy":"post_tag","embeddable":true,"href":"https:\/\/encuentroinformativo.com.mx\/index.php?rest_route=%2Fwp%2Fv2%2Ftags&post=59361"}],"curies":[{"name":"wp","href":"https:\/\/api.w.org\/{rel}","templated":true}]}}