{"id":59364,"date":"2024-10-09T13:12:30","date_gmt":"2024-10-09T19:12:30","guid":{"rendered":"https:\/\/encuentroinformativo.com.mx\/?p=59364"},"modified":"2024-10-09T13:12:34","modified_gmt":"2024-10-09T19:12:34","slug":"suspenden-festival-de-cortometraje-en-xalapa","status":"publish","type":"post","link":"https:\/\/encuentroinformativo.com.mx\/?p=59364","title":{"rendered":"Suspenden Festival de Cortometraje en Xalapa"},"content":{"rendered":"\n<p><strong>Dar\u00edo Pale <\/strong><\/p>\n\n\n\n<p>Xalapa, Ver.- Debido al asesinato del T\u00e9cnico en iluminaci\u00f3n Victor Muro, la comunidad cinematografica mediante un comunicado se\u00f1ala que no se siente segura por lo cual suspenden el \u201cFestival de Cortometraje Veracuzano\u201d.<\/p>\n\n\n\n<p>Mediante un comunicado se\u00f1alan lo siguiente: &#8220;A la comunidad cinematogr\u00e1fica y audiovisual:\u00a0Con profundo respeto y solidaridad, informamos que el Festival de Cortometraje Veracruzano ha decidido posponer sus fechas de realizaci\u00f3n hasta nuevo aviso. Est\u00e1 decisi\u00f3n responde a los recientes y lamentables actos de violencia en la ciudad de Xalapa, que nos han afectado profundamente como comunidad&#8221;.<\/p>\n\n\n\n<p>Lamentamos los hechos y nos unimos al llamado a las autoridades para que conduzcan una investigaci\u00f3n transparente, que garantice justicia para las personas afectadas. Creemos firmemente en la importancia de trabajar desde y para los espacios seguros y protegidos, por lo que apelamos al fortalecimiento de nuestras relaciones profesionales y al compromiso con la integridad de quienes hacen posible nuestro trabajo.<\/p>\n\n\n\n<p>El festival de Cortometraje Veracruzano celebra y apoya la creaci\u00f3n cinematogr\u00e1fica y audiovisual, siempre enmarcada en valores de respeto, seguridad e igualdad. Reunimos a realizadores y espectadores en torno a narrativas que nos conectan, fortaleciendo el di\u00e1logo con integridad de quienes hacen posible nuestro trabajo.<\/p>\n\n\n\n<p>Nuestra programaci\u00f3n y actividades seguir\u00e1n seg\u00fan lo planeado con nuevas fechas que ser\u00e1n anunciadas tan pronto sea posible.<\/p>\n\n\n\n<p>Agradecemos su comprensi\u00f3n y apoyo. Lamentamos las molestias que esto puede ocasionar.<\/p>\n\n\n\n<p>Atentamente\u00a0Festival de Cortometraje Veracruzano<\/p>\n\n\n\n<p>Cabe recordar que el dia de ayer el gobernador Cuitl\u00e1huac Garc\u00eda Jim\u00e9nez dio a conocer que la v\u00edctima no era cineasta y que los que est\u00e1n filmando en el estado no corren peligro, ya que se trat\u00f3 de un crimen de asunto personal.<\/p>\n\n\n\n<p>Finalmente se\u00f1al\u00f3 que desconocen si habr\u00e1n peleado o fue por alg\u00fan tipo de venganza y que tanto la v\u00edctima como el victimario no son veracruzanos.\u00a0<\/p>\n","protected":false},"excerpt":{"rendered":"<p>Dar\u00edo Pale Xalapa, Ver.- Debido al asesinato del T\u00e9cnico en iluminaci\u00f3n Victor Muro, la comunidad cinematografica mediante un comunicado se\u00f1ala que no se siente segura por lo cual suspenden el \u201cFestival de Cortometraje Veracuzano\u201d. Mediante un comunicado se\u00f1alan lo siguiente: &#8220;A la comunidad cinematogr\u00e1fica y audiovisual:\u00a0Con profundo respeto y solidaridad, informamos que el Festival de [&hellip;]<\/p>\n","protected":false},"author":2476,"featured_media":59365,"comment_status":"open","ping_status":"open","sticky":false,"template":"","format":"standard","meta":{"_jetpack_memberships_contains_paid_content":false,"footnotes":""},"categories":[3],"tags":[],"class_list":["post-59364","post","type-post","status-publish","format-standard","has-post-thumbnail","hentry","category-xalapa"],"jetpack_featured_media_url":"https:\/\/encuentroinformativo.com.mx\/wp-content\/uploads\/2024\/10\/IMG-20241009-WA0024.jpg","jetpack_sharing_enabled":true,"jetpack_likes_enabled":true,"amp_enabled":true,"_links":{"self":[{"href":"https:\/\/encuentroinformativo.com.mx\/index.php?rest_route=\/wp\/v2\/posts\/59364","targetHints":{"allow":["GET"]}}],"collection":[{"href":"https:\/\/encuentroinformativo.com.mx\/index.php?rest_route=\/wp\/v2\/posts"}],"about":[{"href":"https:\/\/encuentroinformativo.com.mx\/index.php?rest_route=\/wp\/v2\/types\/post"}],"author":[{"embeddable":true,"href":"https:\/\/encuentroinformativo.com.mx\/index.php?rest_route=\/wp\/v2\/users\/2476"}],"replies":[{"embeddable":true,"href":"https:\/\/encuentroinformativo.com.mx\/index.php?rest_route=%2Fwp%2Fv2%2Fcomments&post=59364"}],"version-history":[{"count":1,"href":"https:\/\/encuentroinformativo.com.mx\/index.php?rest_route=\/wp\/v2\/posts\/59364\/revisions"}],"predecessor-version":[{"id":59366,"href":"https:\/\/encuentroinformativo.com.mx\/index.php?rest_route=\/wp\/v2\/posts\/59364\/revisions\/59366"}],"wp:featuredmedia":[{"embeddable":true,"href":"https:\/\/encuentroinformativo.com.mx\/index.php?rest_route=\/wp\/v2\/media\/59365"}],"wp:attachment":[{"href":"https:\/\/encuentroinformativo.com.mx\/index.php?rest_route=%2Fwp%2Fv2%2Fmedia&parent=59364"}],"wp:term":[{"taxonomy":"category","embeddable":true,"href":"https:\/\/encuentroinformativo.com.mx\/index.php?rest_route=%2Fwp%2Fv2%2Fcategories&post=59364"},{"taxonomy":"post_tag","embeddable":true,"href":"https:\/\/encuentroinformativo.com.mx\/index.php?rest_route=%2Fwp%2Fv2%2Ftags&post=59364"}],"curies":[{"name":"wp","href":"https:\/\/api.w.org\/{rel}","templated":true}]}}