{"id":59370,"date":"2024-10-09T14:06:08","date_gmt":"2024-10-09T20:06:08","guid":{"rendered":"https:\/\/encuentroinformativo.com.mx\/?p=59370"},"modified":"2024-10-09T14:06:12","modified_gmt":"2024-10-09T20:06:12","slug":"esteban-bautista-coordinador-de-la-proxima-bancada-de-morena","status":"publish","type":"post","link":"https:\/\/encuentroinformativo.com.mx\/?p=59370","title":{"rendered":"Esteban Bautista, coordinador de la pr\u00f3xima bancada de Morena"},"content":{"rendered":"\n<p><strong>Dar\u00edo Pale <\/strong><\/p>\n\n\n\n<p>Xalapa, Ver.- Nombran al diputado Esteban Bautista pr\u00f3ximo coordinador de Morena en el Congreso Local por ende ser\u00e1 el pr\u00f3ximo presidente de la Junta de Coordinaci\u00f3n Pol\u00edtica (JUCOPO), as\u00ed lo dio a conocer el presidente de dicho partido Esteban Ram\u00edrez Zepeta.<\/p>\n\n\n\n<p>En entrevista se\u00f1al\u00f3 que, el diputado local por el distrito de Cosoleacaque, Esteban Bautista Hern\u00e1ndez ser\u00e1 el pr\u00f3ximo coordinador del Grupo Legislativo de Morena en el Congreso del Estado y presidente de la JUCOPO.<\/p>\n\n\n\n<p>El dirigente del instituto pol\u00edtico, inform\u00f3 que este mi\u00e9rcoles las y los diputados electos de Morena se reunieron a puerta cerrada con la gobernadora electa Roc\u00edo Nahle Garc\u00eda.<\/p>\n\n\n\n<p>En dicha reuni\u00f3n acordaron por unanimidad, designar al diputado local del distrito de Cosoleacaque, Esteban Bautista Hern\u00e1ndez como el pr\u00f3ximo coordinador del grupo legislativo de Morena.<\/p>\n\n\n\n<p>Reconocieron al profesor Esteban Bautista como uno de los diputados con m\u00e1s alta votaci\u00f3n el pasado 2 de junio.<\/p>\n\n\n\n<p>Por \u00faltimo dijo que durante la reuni\u00f3n destacaron el liderazgo de Bautista para conducir los destinos de Morena en el Congreso local y apoyar todas las iniciativas que env\u00ede la gobernadora Roc\u00edo Nahle Garc\u00eda.<\/p>\n","protected":false},"excerpt":{"rendered":"<p>Dar\u00edo Pale Xalapa, Ver.- Nombran al diputado Esteban Bautista pr\u00f3ximo coordinador de Morena en el Congreso Local por ende ser\u00e1 el pr\u00f3ximo presidente de la Junta de Coordinaci\u00f3n Pol\u00edtica (JUCOPO), as\u00ed lo dio a conocer el presidente de dicho partido Esteban Ram\u00edrez Zepeta. En entrevista se\u00f1al\u00f3 que, el diputado local por el distrito de Cosoleacaque, [&hellip;]<\/p>\n","protected":false},"author":2476,"featured_media":59371,"comment_status":"open","ping_status":"open","sticky":false,"template":"","format":"standard","meta":{"_jetpack_memberships_contains_paid_content":false,"footnotes":""},"categories":[2],"tags":[],"class_list":["post-59370","post","type-post","status-publish","format-standard","has-post-thumbnail","hentry","category-estado"],"jetpack_featured_media_url":"https:\/\/encuentroinformativo.com.mx\/wp-content\/uploads\/2024\/10\/IMG-20241009-WA00452.jpg","jetpack_sharing_enabled":true,"jetpack_likes_enabled":true,"amp_enabled":true,"_links":{"self":[{"href":"https:\/\/encuentroinformativo.com.mx\/index.php?rest_route=\/wp\/v2\/posts\/59370","targetHints":{"allow":["GET"]}}],"collection":[{"href":"https:\/\/encuentroinformativo.com.mx\/index.php?rest_route=\/wp\/v2\/posts"}],"about":[{"href":"https:\/\/encuentroinformativo.com.mx\/index.php?rest_route=\/wp\/v2\/types\/post"}],"author":[{"embeddable":true,"href":"https:\/\/encuentroinformativo.com.mx\/index.php?rest_route=\/wp\/v2\/users\/2476"}],"replies":[{"embeddable":true,"href":"https:\/\/encuentroinformativo.com.mx\/index.php?rest_route=%2Fwp%2Fv2%2Fcomments&post=59370"}],"version-history":[{"count":1,"href":"https:\/\/encuentroinformativo.com.mx\/index.php?rest_route=\/wp\/v2\/posts\/59370\/revisions"}],"predecessor-version":[{"id":59372,"href":"https:\/\/encuentroinformativo.com.mx\/index.php?rest_route=\/wp\/v2\/posts\/59370\/revisions\/59372"}],"wp:featuredmedia":[{"embeddable":true,"href":"https:\/\/encuentroinformativo.com.mx\/index.php?rest_route=\/wp\/v2\/media\/59371"}],"wp:attachment":[{"href":"https:\/\/encuentroinformativo.com.mx\/index.php?rest_route=%2Fwp%2Fv2%2Fmedia&parent=59370"}],"wp:term":[{"taxonomy":"category","embeddable":true,"href":"https:\/\/encuentroinformativo.com.mx\/index.php?rest_route=%2Fwp%2Fv2%2Fcategories&post=59370"},{"taxonomy":"post_tag","embeddable":true,"href":"https:\/\/encuentroinformativo.com.mx\/index.php?rest_route=%2Fwp%2Fv2%2Ftags&post=59370"}],"curies":[{"name":"wp","href":"https:\/\/api.w.org\/{rel}","templated":true}]}}