{"id":59380,"date":"2024-10-10T11:35:09","date_gmt":"2024-10-10T17:35:09","guid":{"rendered":"https:\/\/encuentroinformativo.com.mx\/?p=59380"},"modified":"2024-10-10T11:35:15","modified_gmt":"2024-10-10T17:35:15","slug":"detenido-carlos-armando-n-presunto-responsable-de-homicidio-de-victor-muro","status":"publish","type":"post","link":"https:\/\/encuentroinformativo.com.mx\/?p=59380","title":{"rendered":"Detenido Carlos Armando N, presunto responsable de homicidio de V\u00edctor Muro"},"content":{"rendered":"\n<p><strong>Dar\u00edo Pale <\/strong><\/p>\n\n\n\n<p>Xalapa, Ver.- La Fiscal\u00eda General del Estado (FGE) inform\u00f3 que los elementos de la Polic\u00eda ministerial confirmaron la orden de aprehensi\u00f3n en contra de Carlos Armando \u201cN\u201d, presunto responsable del asesinato del iluminador V\u00edctor Muro Vel\u00e1squez.<\/p>\n\n\n\n<p>A trav\u00e9s de un comunicado la dependencia detall\u00f3 que polic\u00edas ministeriales cumplimentaron la orden de aprehensi\u00f3n contra Carlos Armando como probable responsable del delito de homicidio doloso.<\/p>\n\n\n\n<p>La Fiscal\u00eda record\u00f3 que los hechos ocurrieron en un inmueble ubicado en la esquina de las calles Poeta Jes\u00fas D\u00edaz y 5 de Febrero, en la zona centro de Xalapa.<\/p>\n\n\n\n<p>Y se\u00f1al\u00f3 que \u201cderivado de las investigaciones e indicios recabados, todo indica que presuntamente el detenido agredi\u00f3 a la v\u00edctima, priv\u00e1ndolo de la vida con sa\u00f1a y crueldad, y posteriormente intent\u00f3 ocultar el crimen\u201d.<\/p>\n\n\n\n<p>La Fiscal\u00eda de Veracruz asegur\u00f3 que Carlos Armando \u2018N\u2019 ser\u00e1 presentado ante un juez de proceso y procedimiento penal oral, quien habr\u00e1 de definir su situaci\u00f3n jur\u00eddica.<\/p>\n","protected":false},"excerpt":{"rendered":"<p>Dar\u00edo Pale Xalapa, Ver.- La Fiscal\u00eda General del Estado (FGE) inform\u00f3 que los elementos de la Polic\u00eda ministerial confirmaron la orden de aprehensi\u00f3n en contra de Carlos Armando \u201cN\u201d, presunto responsable del asesinato del iluminador V\u00edctor Muro Vel\u00e1squez. A trav\u00e9s de un comunicado la dependencia detall\u00f3 que polic\u00edas ministeriales cumplimentaron la orden de aprehensi\u00f3n contra [&hellip;]<\/p>\n","protected":false},"author":2476,"featured_media":59381,"comment_status":"open","ping_status":"open","sticky":false,"template":"","format":"standard","meta":{"_jetpack_memberships_contains_paid_content":false,"footnotes":""},"categories":[2],"tags":[],"class_list":["post-59380","post","type-post","status-publish","format-standard","has-post-thumbnail","hentry","category-estado"],"jetpack_featured_media_url":"https:\/\/encuentroinformativo.com.mx\/wp-content\/uploads\/2024\/10\/IMG-20241010-WA00462.jpg","jetpack_sharing_enabled":true,"jetpack_likes_enabled":true,"amp_enabled":true,"_links":{"self":[{"href":"https:\/\/encuentroinformativo.com.mx\/index.php?rest_route=\/wp\/v2\/posts\/59380","targetHints":{"allow":["GET"]}}],"collection":[{"href":"https:\/\/encuentroinformativo.com.mx\/index.php?rest_route=\/wp\/v2\/posts"}],"about":[{"href":"https:\/\/encuentroinformativo.com.mx\/index.php?rest_route=\/wp\/v2\/types\/post"}],"author":[{"embeddable":true,"href":"https:\/\/encuentroinformativo.com.mx\/index.php?rest_route=\/wp\/v2\/users\/2476"}],"replies":[{"embeddable":true,"href":"https:\/\/encuentroinformativo.com.mx\/index.php?rest_route=%2Fwp%2Fv2%2Fcomments&post=59380"}],"version-history":[{"count":1,"href":"https:\/\/encuentroinformativo.com.mx\/index.php?rest_route=\/wp\/v2\/posts\/59380\/revisions"}],"predecessor-version":[{"id":59382,"href":"https:\/\/encuentroinformativo.com.mx\/index.php?rest_route=\/wp\/v2\/posts\/59380\/revisions\/59382"}],"wp:featuredmedia":[{"embeddable":true,"href":"https:\/\/encuentroinformativo.com.mx\/index.php?rest_route=\/wp\/v2\/media\/59381"}],"wp:attachment":[{"href":"https:\/\/encuentroinformativo.com.mx\/index.php?rest_route=%2Fwp%2Fv2%2Fmedia&parent=59380"}],"wp:term":[{"taxonomy":"category","embeddable":true,"href":"https:\/\/encuentroinformativo.com.mx\/index.php?rest_route=%2Fwp%2Fv2%2Fcategories&post=59380"},{"taxonomy":"post_tag","embeddable":true,"href":"https:\/\/encuentroinformativo.com.mx\/index.php?rest_route=%2Fwp%2Fv2%2Ftags&post=59380"}],"curies":[{"name":"wp","href":"https:\/\/api.w.org\/{rel}","templated":true}]}}