{"id":59383,"date":"2024-10-10T11:44:26","date_gmt":"2024-10-10T17:44:26","guid":{"rendered":"https:\/\/encuentroinformativo.com.mx\/?p=59383"},"modified":"2024-10-10T11:44:31","modified_gmt":"2024-10-10T17:44:31","slug":"descarta-presidenta-sheinbaum-ampliacion-de-planta-nuclear-para-veracruz","status":"publish","type":"post","link":"https:\/\/encuentroinformativo.com.mx\/?p=59383","title":{"rendered":"Descarta presidenta Sheinbaum ampliaci\u00f3n de planta nuclear para Veracruz"},"content":{"rendered":"\n<p><strong>Dar\u00edo Pale <\/strong><\/p>\n\n\n\n<p>Xalapa, Ver.- La presidenta de M\u00e9xico Claudia Sheinbaum cierra la puerta a una tercera planta nuclear en Veracruz, por lo que rechaz\u00f3 la propuesta de la gobernadora electa Norma Roc\u00edo Nahle Garc\u00eda, ya que dijo \u201cyo no soy muy pronuclear\u201d.<\/p>\n\n\n\n<p>En la conferencia ma\u00f1anera se\u00f1al\u00f3, &#8220;yo no soy\u00a0 muy pronuclear, porque la energ\u00eda nuclear tambi\u00e9n tiene otros impactos ambientales y tiene sus riesgos\u201d.\u00a0<\/p>\n\n\n\n<p>Destac\u00f3 que la planta Laguna Verde\u00a0 opera muy bien y con altos est\u00e1ndares, &#8220;pero hasta el momento no se tiene contemplado crecer con la energ\u00eda nuclear&#8221;.<\/p>\n\n\n\n<p>Lo que s\u00ed se har\u00e1 es crecer la generaci\u00f3n el\u00e9ctrica con una parte de ciclos combinados de gas, &#8220;que ya iniciaron con el presidente L\u00f3pez Obrador y que nos va a tocar inaugurarlos, y otra parte con fuentes renovables de energ\u00eda, ah\u00ed es donde vamos a impulsar mucho la generaci\u00f3n p\u00fablica y privada tambi\u00e9n&#8221;.<\/p>\n\n\n\n<p>La Central Nuclear Laguna Verde es la \u00fanica central nuclear de generaci\u00f3n el\u00e9ctrica de M\u00e9xico, se encuentra en el municipio de Alto Lucero de Guti\u00e9rrez Barrios, en el estado de Veracruz.\u00a0Es administrada por la Comisi\u00f3n Federal de Electricidad.\u00a0<\/p>\n\n\n\n<p>Cuenta con una capacidad de 1640 MW instalada en dos unidades generadoras de 820 MW el\u00e9ctricos cada una.<\/p>\n\n\n\n<p>Est\u00e1 certificada por el organismo regulador nuclear de M\u00e9xico, la Comisi\u00f3n Nacional de Seguridad Nuclear y Salvaguardias.<\/p>\n","protected":false},"excerpt":{"rendered":"<p>Dar\u00edo Pale Xalapa, Ver.- La presidenta de M\u00e9xico Claudia Sheinbaum cierra la puerta a una tercera planta nuclear en Veracruz, por lo que rechaz\u00f3 la propuesta de la gobernadora electa Norma Roc\u00edo Nahle Garc\u00eda, ya que dijo \u201cyo no soy muy pronuclear\u201d. En la conferencia ma\u00f1anera se\u00f1al\u00f3, &#8220;yo no soy\u00a0 muy pronuclear, porque la energ\u00eda [&hellip;]<\/p>\n","protected":false},"author":2476,"featured_media":59384,"comment_status":"open","ping_status":"open","sticky":false,"template":"","format":"standard","meta":{"_jetpack_memberships_contains_paid_content":false,"footnotes":""},"categories":[2],"tags":[],"class_list":["post-59383","post","type-post","status-publish","format-standard","has-post-thumbnail","hentry","category-estado"],"jetpack_featured_media_url":"https:\/\/encuentroinformativo.com.mx\/wp-content\/uploads\/2024\/10\/IMG-20241010-WA0048.jpg","jetpack_sharing_enabled":true,"jetpack_likes_enabled":true,"amp_enabled":true,"_links":{"self":[{"href":"https:\/\/encuentroinformativo.com.mx\/index.php?rest_route=\/wp\/v2\/posts\/59383","targetHints":{"allow":["GET"]}}],"collection":[{"href":"https:\/\/encuentroinformativo.com.mx\/index.php?rest_route=\/wp\/v2\/posts"}],"about":[{"href":"https:\/\/encuentroinformativo.com.mx\/index.php?rest_route=\/wp\/v2\/types\/post"}],"author":[{"embeddable":true,"href":"https:\/\/encuentroinformativo.com.mx\/index.php?rest_route=\/wp\/v2\/users\/2476"}],"replies":[{"embeddable":true,"href":"https:\/\/encuentroinformativo.com.mx\/index.php?rest_route=%2Fwp%2Fv2%2Fcomments&post=59383"}],"version-history":[{"count":1,"href":"https:\/\/encuentroinformativo.com.mx\/index.php?rest_route=\/wp\/v2\/posts\/59383\/revisions"}],"predecessor-version":[{"id":59385,"href":"https:\/\/encuentroinformativo.com.mx\/index.php?rest_route=\/wp\/v2\/posts\/59383\/revisions\/59385"}],"wp:featuredmedia":[{"embeddable":true,"href":"https:\/\/encuentroinformativo.com.mx\/index.php?rest_route=\/wp\/v2\/media\/59384"}],"wp:attachment":[{"href":"https:\/\/encuentroinformativo.com.mx\/index.php?rest_route=%2Fwp%2Fv2%2Fmedia&parent=59383"}],"wp:term":[{"taxonomy":"category","embeddable":true,"href":"https:\/\/encuentroinformativo.com.mx\/index.php?rest_route=%2Fwp%2Fv2%2Fcategories&post=59383"},{"taxonomy":"post_tag","embeddable":true,"href":"https:\/\/encuentroinformativo.com.mx\/index.php?rest_route=%2Fwp%2Fv2%2Ftags&post=59383"}],"curies":[{"name":"wp","href":"https:\/\/api.w.org\/{rel}","templated":true}]}}