{"id":59386,"date":"2024-10-10T11:47:51","date_gmt":"2024-10-10T17:47:51","guid":{"rendered":"https:\/\/encuentroinformativo.com.mx\/?p=59386"},"modified":"2024-10-10T11:47:57","modified_gmt":"2024-10-10T17:47:57","slug":"javier-herrera-se-compromete-a-cuidar-recursos-a-traves-de-comision-de-vigilancia","status":"publish","type":"post","link":"https:\/\/encuentroinformativo.com.mx\/?p=59386","title":{"rendered":"Javier Herrera se compromete a cuidar recursos  a trav\u00e9s de Comisi\u00f3n de Vigilancia"},"content":{"rendered":"\n<p><strong>Alejandro \u00c1vila<\/strong><\/p>\n\n\n\n<p>Veracruz, Ver.- El diputado del partido Verde, Javier Octavio Herrera Borunda se comprometi\u00f3 a cuidar los recursos p\u00fablicos de los mexicanos y a priorizar la transparencia de los entes gubernamentales, a trav\u00e9s del importante cargo que le acaban de encomendar en San L\u00e1zaro.<\/p>\n\n\n\n<p>Es de mencionar que este mi\u00e9rcoles el Pleno de la LXVI Legislatura design\u00f3 a Javier Herrera, como presidente de la Comisi\u00f3n de Vigilancia de la Auditor\u00eda Superior de la Federaci\u00f3n (ASF).<\/p>\n\n\n\n<p>&#8220;Este es para m\u00ed un momento de significativa relevancia, me han elegido para presidir la Comisi\u00f3n de Vigilancia a la Auditor\u00eda Superior de la Federaci\u00f3n en esta LXVI Legislatura. Me siento muy honrado y quer\u00eda compartirlo con ustedes, paisanos&#8221;, escribi\u00f3 el l\u00edder del partido Verde en Veracruz.<\/p>\n\n\n\n<p>Esta comisi\u00f3n es una de las m\u00e1s importantes a nivel Federal, ya que desde San L\u00e1zaro se vigilar\u00e1n todos los recursos p\u00fablicos de los entes fiscalizables en los gobiernos, hay que puntualizar que este cargo ten\u00eda a\u00f1os no hab\u00eda sido entregado a un pol\u00edtico veracruzano.<\/p>\n","protected":false},"excerpt":{"rendered":"<p>Alejandro \u00c1vila Veracruz, Ver.- El diputado del partido Verde, Javier Octavio Herrera Borunda se comprometi\u00f3 a cuidar los recursos p\u00fablicos de los mexicanos y a priorizar la transparencia de los entes gubernamentales, a trav\u00e9s del importante cargo que le acaban de encomendar en San L\u00e1zaro. Es de mencionar que este mi\u00e9rcoles el Pleno de la [&hellip;]<\/p>\n","protected":false},"author":2476,"featured_media":59387,"comment_status":"open","ping_status":"open","sticky":false,"template":"","format":"standard","meta":{"_jetpack_memberships_contains_paid_content":false,"footnotes":""},"categories":[2],"tags":[],"class_list":["post-59386","post","type-post","status-publish","format-standard","has-post-thumbnail","hentry","category-estado"],"jetpack_featured_media_url":"https:\/\/encuentroinformativo.com.mx\/wp-content\/uploads\/2024\/10\/IMG-20241010-WA0051.jpg","jetpack_sharing_enabled":true,"jetpack_likes_enabled":true,"amp_enabled":true,"_links":{"self":[{"href":"https:\/\/encuentroinformativo.com.mx\/index.php?rest_route=\/wp\/v2\/posts\/59386","targetHints":{"allow":["GET"]}}],"collection":[{"href":"https:\/\/encuentroinformativo.com.mx\/index.php?rest_route=\/wp\/v2\/posts"}],"about":[{"href":"https:\/\/encuentroinformativo.com.mx\/index.php?rest_route=\/wp\/v2\/types\/post"}],"author":[{"embeddable":true,"href":"https:\/\/encuentroinformativo.com.mx\/index.php?rest_route=\/wp\/v2\/users\/2476"}],"replies":[{"embeddable":true,"href":"https:\/\/encuentroinformativo.com.mx\/index.php?rest_route=%2Fwp%2Fv2%2Fcomments&post=59386"}],"version-history":[{"count":1,"href":"https:\/\/encuentroinformativo.com.mx\/index.php?rest_route=\/wp\/v2\/posts\/59386\/revisions"}],"predecessor-version":[{"id":59388,"href":"https:\/\/encuentroinformativo.com.mx\/index.php?rest_route=\/wp\/v2\/posts\/59386\/revisions\/59388"}],"wp:featuredmedia":[{"embeddable":true,"href":"https:\/\/encuentroinformativo.com.mx\/index.php?rest_route=\/wp\/v2\/media\/59387"}],"wp:attachment":[{"href":"https:\/\/encuentroinformativo.com.mx\/index.php?rest_route=%2Fwp%2Fv2%2Fmedia&parent=59386"}],"wp:term":[{"taxonomy":"category","embeddable":true,"href":"https:\/\/encuentroinformativo.com.mx\/index.php?rest_route=%2Fwp%2Fv2%2Fcategories&post=59386"},{"taxonomy":"post_tag","embeddable":true,"href":"https:\/\/encuentroinformativo.com.mx\/index.php?rest_route=%2Fwp%2Fv2%2Ftags&post=59386"}],"curies":[{"name":"wp","href":"https:\/\/api.w.org\/{rel}","templated":true}]}}