{"id":5939,"date":"2020-09-17T20:19:07","date_gmt":"2020-09-18T01:19:07","guid":{"rendered":"https:\/\/encuentroinformativo.com.mx\/?p=5939"},"modified":"2020-09-17T20:19:49","modified_gmt":"2020-09-18T01:19:49","slug":"pandemia-golpea-a-gremio-taxista-sindicato","status":"publish","type":"post","link":"https:\/\/encuentroinformativo.com.mx\/?p=5939","title":{"rendered":"Pandemia golpea a gremio taxista: Sindicato"},"content":{"rendered":"\n<p><strong>Dar\u00edo Pale <\/strong><\/p>\n\n\n\n<p>Xalapa, Ver.- El Secretario General de Sindicato de Taxistas \u201cMiguel Alem\u00e1n\u201d, Guillermo Celaya de Jesus, dio a conocer que el sector que representa se ha visto muy afectado por la pandemia y aproximadamente seis conductores se enfermaron de COVID-19.<\/p>\n\n\n\n<p>Entrevistado en las instalaciones de Tr\u00e1nsito del estado reconoci\u00f3 que actualmente los conductores de las unidades est\u00e1n buscando otras alternativas ya que hay varias unidades que han dejado de circular ya que no cuentan con recursos ni para sostener a su familia.<\/p>\n\n\n\n<p>Dio a conocer que el apoyo que les dio el gobierno del estado no fue suficiente, de sus agremiados muy pocos recibieron ese beneficio de mil pesos lo cual es muy poco para poder sostener a la familia.<\/p>\n\n\n\n<p>En cuanto al contagio por COVID-19 se\u00f1al\u00f3 que aproximadamente entre cinco y seis conductores dieron positivo a esta enfermedad pero afortunadamente ya superaron la crisis y ya est\u00e1n laborando de nuevo.<\/p>\n\n\n\n<p>Finalmente se\u00f1al\u00f3 que para prevenir el contagio repartieron cubrebocas al igual que unas caretas, adem\u00e1s de que a los conductores les dotaron de estos art\u00edculos para que en caso de que alg\u00fan pasajero no trajera protecci\u00f3n le pudieran dar un cubrebocas.<\/p>\n","protected":false},"excerpt":{"rendered":"<p>Dar\u00edo Pale Xalapa, Ver.- El Secretario General de Sindicato de Taxistas \u201cMiguel Alem\u00e1n\u201d, Guillermo Celaya de Jesus, dio a conocer que el sector que representa se ha visto muy afectado por la pandemia y aproximadamente seis conductores se enfermaron de COVID-19. Entrevistado en las instalaciones de Tr\u00e1nsito del estado reconoci\u00f3 que actualmente los conductores de [&hellip;]<\/p>\n","protected":false},"author":1,"featured_media":5940,"comment_status":"open","ping_status":"open","sticky":false,"template":"","format":"aside","meta":{"_jetpack_memberships_contains_paid_content":false,"footnotes":""},"categories":[3],"tags":[],"class_list":["post-5939","post","type-post","status-publish","format-aside","has-post-thumbnail","hentry","category-xalapa","post_format-post-format-aside"],"jetpack_featured_media_url":"https:\/\/encuentroinformativo.com.mx\/wp-content\/uploads\/2020\/09\/44BA98BC-7844-4E66-83F0-1BF56718E1A9.jpeg","jetpack_sharing_enabled":true,"jetpack_likes_enabled":true,"amp_enabled":true,"_links":{"self":[{"href":"https:\/\/encuentroinformativo.com.mx\/index.php?rest_route=\/wp\/v2\/posts\/5939","targetHints":{"allow":["GET"]}}],"collection":[{"href":"https:\/\/encuentroinformativo.com.mx\/index.php?rest_route=\/wp\/v2\/posts"}],"about":[{"href":"https:\/\/encuentroinformativo.com.mx\/index.php?rest_route=\/wp\/v2\/types\/post"}],"author":[{"embeddable":true,"href":"https:\/\/encuentroinformativo.com.mx\/index.php?rest_route=\/wp\/v2\/users\/1"}],"replies":[{"embeddable":true,"href":"https:\/\/encuentroinformativo.com.mx\/index.php?rest_route=%2Fwp%2Fv2%2Fcomments&post=5939"}],"version-history":[{"count":1,"href":"https:\/\/encuentroinformativo.com.mx\/index.php?rest_route=\/wp\/v2\/posts\/5939\/revisions"}],"predecessor-version":[{"id":5941,"href":"https:\/\/encuentroinformativo.com.mx\/index.php?rest_route=\/wp\/v2\/posts\/5939\/revisions\/5941"}],"wp:featuredmedia":[{"embeddable":true,"href":"https:\/\/encuentroinformativo.com.mx\/index.php?rest_route=\/wp\/v2\/media\/5940"}],"wp:attachment":[{"href":"https:\/\/encuentroinformativo.com.mx\/index.php?rest_route=%2Fwp%2Fv2%2Fmedia&parent=5939"}],"wp:term":[{"taxonomy":"category","embeddable":true,"href":"https:\/\/encuentroinformativo.com.mx\/index.php?rest_route=%2Fwp%2Fv2%2Fcategories&post=5939"},{"taxonomy":"post_tag","embeddable":true,"href":"https:\/\/encuentroinformativo.com.mx\/index.php?rest_route=%2Fwp%2Fv2%2Ftags&post=5939"}],"curies":[{"name":"wp","href":"https:\/\/api.w.org\/{rel}","templated":true}]}}