{"id":59392,"date":"2024-10-10T13:33:48","date_gmt":"2024-10-10T19:33:48","guid":{"rendered":"https:\/\/encuentroinformativo.com.mx\/?p=59392"},"modified":"2024-10-10T13:33:54","modified_gmt":"2024-10-10T19:33:54","slug":"restos-de-muralla-de-veracruz-quedaran-expuestos-como-atractivo-turistico","status":"publish","type":"post","link":"https:\/\/encuentroinformativo.com.mx\/?p=59392","title":{"rendered":"Restos de muralla de Veracruz quedar\u00e1n expuestos como atractivo tur\u00edstico"},"content":{"rendered":"\n<p><strong>Alejandro \u00c1vila<\/strong><\/p>\n\n\n\n<p>Veracruz, Ver.- Los restos de la muralla del Puerto de Veracruz que fueron encontrados durante la remodelaci\u00f3n del Centro Hist\u00f3rico quedar\u00e1n expuestos para que los veracruzanos y turistas puedan conocer como era una ciudad amurallada, mencion\u00f3 la alcaldesa, Patricia Lobeira Rodr\u00edguez.<\/p>\n\n\n\n<p>La panista mencion\u00f3 que ser\u00e1n los expertos del Instituto Nacional de Antropolog\u00eda e Historia (INAH) los que definan De qu\u00e9 manera quedar\u00e1 la vista del p\u00fablico.<\/p>\n\n\n\n<p>&#8220;Va a quedar expuesta para que el p\u00fablico la pueda apreciar, todav\u00eda no sabemos si va a quedar al aire libre, si le van a poner cristales, eso lo tendr\u00e1 que definir los expertos en el tema, pero va a quedar expuesta para que toda la gente pueda ver lo que nosotros ten\u00edamos en el puerto de Veracruz y darse una idea de lo que era una ciudad amurallada&#8221;, expres\u00f3.<\/p>\n\n\n\n<p>Es de mencionar que la ciudad de Veracruz fue amurallada en 1683 con la intenci\u00f3n de protegerse de los ataques de piratas; su demolici\u00f3n fue en julio de 1880, bajo el mandato del alcalde, Domingo Bureau V\u00e1zquez. La muralla ten\u00eda una altura de poco m\u00e1s de 3 metros y una anchura de casi 3 metros, toda realizada en piedra m\u00facara.<\/p>\n\n\n\n<p>&#8220;As\u00ed es, faltan algunos metros por descubrir como ustedes pudieron ver en el video, todav\u00eda est\u00e1 cubierta, nosotros pintamos de azul para poder definir hasta d\u00f3nde llegaba, la verdad es un buen pedazo de muralla lo que se encontr\u00f3, y nosotros estamos muy contentos de que se haya llevado a cabo este descubrimiento. Mucha gente nos lo dec\u00eda, que ah\u00ed hab\u00eda muralla, pero estaba enterrada, una vez que podemos romper y ver que estaba ah\u00ed, es muy emocionante, sobre todo para todos los jarochos fue algo muy emocionante&#8221;, mencion\u00f3 Paty Lobeira.<\/p>\n","protected":false},"excerpt":{"rendered":"<p>Alejandro \u00c1vila Veracruz, Ver.- Los restos de la muralla del Puerto de Veracruz que fueron encontrados durante la remodelaci\u00f3n del Centro Hist\u00f3rico quedar\u00e1n expuestos para que los veracruzanos y turistas puedan conocer como era una ciudad amurallada, mencion\u00f3 la alcaldesa, Patricia Lobeira Rodr\u00edguez. La panista mencion\u00f3 que ser\u00e1n los expertos del Instituto Nacional de Antropolog\u00eda [&hellip;]<\/p>\n","protected":false},"author":2476,"featured_media":59393,"comment_status":"open","ping_status":"open","sticky":false,"template":"","format":"standard","meta":{"_jetpack_memberships_contains_paid_content":false,"footnotes":""},"categories":[2],"tags":[],"class_list":["post-59392","post","type-post","status-publish","format-standard","has-post-thumbnail","hentry","category-estado"],"jetpack_featured_media_url":"https:\/\/encuentroinformativo.com.mx\/wp-content\/uploads\/2024\/10\/IMG-20241010-WA00822.jpg","jetpack_sharing_enabled":true,"jetpack_likes_enabled":true,"amp_enabled":true,"_links":{"self":[{"href":"https:\/\/encuentroinformativo.com.mx\/index.php?rest_route=\/wp\/v2\/posts\/59392","targetHints":{"allow":["GET"]}}],"collection":[{"href":"https:\/\/encuentroinformativo.com.mx\/index.php?rest_route=\/wp\/v2\/posts"}],"about":[{"href":"https:\/\/encuentroinformativo.com.mx\/index.php?rest_route=\/wp\/v2\/types\/post"}],"author":[{"embeddable":true,"href":"https:\/\/encuentroinformativo.com.mx\/index.php?rest_route=\/wp\/v2\/users\/2476"}],"replies":[{"embeddable":true,"href":"https:\/\/encuentroinformativo.com.mx\/index.php?rest_route=%2Fwp%2Fv2%2Fcomments&post=59392"}],"version-history":[{"count":1,"href":"https:\/\/encuentroinformativo.com.mx\/index.php?rest_route=\/wp\/v2\/posts\/59392\/revisions"}],"predecessor-version":[{"id":59394,"href":"https:\/\/encuentroinformativo.com.mx\/index.php?rest_route=\/wp\/v2\/posts\/59392\/revisions\/59394"}],"wp:featuredmedia":[{"embeddable":true,"href":"https:\/\/encuentroinformativo.com.mx\/index.php?rest_route=\/wp\/v2\/media\/59393"}],"wp:attachment":[{"href":"https:\/\/encuentroinformativo.com.mx\/index.php?rest_route=%2Fwp%2Fv2%2Fmedia&parent=59392"}],"wp:term":[{"taxonomy":"category","embeddable":true,"href":"https:\/\/encuentroinformativo.com.mx\/index.php?rest_route=%2Fwp%2Fv2%2Fcategories&post=59392"},{"taxonomy":"post_tag","embeddable":true,"href":"https:\/\/encuentroinformativo.com.mx\/index.php?rest_route=%2Fwp%2Fv2%2Ftags&post=59392"}],"curies":[{"name":"wp","href":"https:\/\/api.w.org\/{rel}","templated":true}]}}