{"id":59395,"date":"2024-10-10T14:24:40","date_gmt":"2024-10-10T20:24:40","guid":{"rendered":"https:\/\/encuentroinformativo.com.mx\/?p=59395"},"modified":"2024-10-10T14:24:46","modified_gmt":"2024-10-10T20:24:46","slug":"septiembre-y-octubre-meses-pesimos-para-hoteleria-cometur","status":"publish","type":"post","link":"https:\/\/encuentroinformativo.com.mx\/?p=59395","title":{"rendered":"Septiembre y octubre meses p\u00e9simos para hoteler\u00eda: COMETUR"},"content":{"rendered":"\n<p><strong>Alejandro \u00c1vila<\/strong><\/p>\n\n\n\n<p>Veracruz, Ver.- Los meses de septiembre y octubre son los peores para la hoteler\u00eda en Veracruz, mencion\u00f3 el presidente del Consejo Metropolitano de Turismo (COMETUR), Sergio Lois Heredia; quien a su vez reconoci\u00f3 que la Expo Chedraui que se realiza en Boca del R\u00edo les ayuda a mejorar el n\u00fameros de reservas de habitaciones.<\/p>\n\n\n\n<p>&#8220;Esta temporada de septiembre &#8211; octubre la consideramos incluso m\u00e1s baja que la de enero &#8211; febrero, es m\u00e1s complicada esta. En enero es la famosa &#8216;cuesta de enero&#8217;, pero la realidad es que para los prestadores de servicios tur\u00edsticos septiembre &#8211; octubre es muy dif\u00edcil y est\u00e1 Expo como tal y la afluencia que maneja si nos llega a dar un respiro en estas temporadas&#8221;, expres\u00f3.<\/p>\n\n\n\n<p>Si bien mencion\u00f3 que los m\u00e1s beneficiados son los hoteles del municipio de Boca del R\u00edo, el gran n\u00famero de trabajadores y proveedores que acuden a la Expo Chedraui, lleva incluso hospedajes hasta el municipio de Veracruz.<\/p>\n\n\n\n<p>&#8220;La Expo Chedraui en esta semana, en estas \u00e9pocas nos ayuda bastante, la realidad es que siempre traen una afluencia importante de participantes en general, a qui\u00e9n m\u00e1s beneficia naturalmente es a los hoteles que est\u00e1n del lado de Boca del R\u00edo, porque es donde m\u00e1s buscan hospedarse las personas, pero el hecho de que venga m\u00e1s personas no solo ayuda a los que est\u00e1n por ah\u00ed, sino que tambi\u00e9n a los que est\u00e1n del lado de Veracruz les llega ayuda porque digamos lo coloquialmente, hay m\u00e1s peces en el mar y se puede pescar mejor, Expo Chedraui es algo que a\u00f1o con a\u00f1o nos ayuda bastante, que bueno que se hace aqu\u00ed en Veracruz, activa la econom\u00eda, activa el turismo en la etapa m\u00e1s dif\u00edcil del a\u00f1o para los prestadores de servicios tur\u00edsticos que es despu\u00e9s de verano, los meses de septiembre &#8211; octubre son muy complicados, ya noviembre empieza a repuntar con vistas a la temporada alta de diciembre&#8221;, culmin\u00f3.<\/p>\n","protected":false},"excerpt":{"rendered":"<p>Alejandro \u00c1vila Veracruz, Ver.- Los meses de septiembre y octubre son los peores para la hoteler\u00eda en Veracruz, mencion\u00f3 el presidente del Consejo Metropolitano de Turismo (COMETUR), Sergio Lois Heredia; quien a su vez reconoci\u00f3 que la Expo Chedraui que se realiza en Boca del R\u00edo les ayuda a mejorar el n\u00fameros de reservas de [&hellip;]<\/p>\n","protected":false},"author":2476,"featured_media":59397,"comment_status":"open","ping_status":"open","sticky":false,"template":"","format":"standard","meta":{"_jetpack_memberships_contains_paid_content":false,"footnotes":""},"categories":[2],"tags":[],"class_list":["post-59395","post","type-post","status-publish","format-standard","has-post-thumbnail","hentry","category-estado"],"jetpack_featured_media_url":"https:\/\/encuentroinformativo.com.mx\/wp-content\/uploads\/2024\/10\/IMG-20241010-WA0086.jpg","jetpack_sharing_enabled":true,"jetpack_likes_enabled":true,"amp_enabled":true,"_links":{"self":[{"href":"https:\/\/encuentroinformativo.com.mx\/index.php?rest_route=\/wp\/v2\/posts\/59395","targetHints":{"allow":["GET"]}}],"collection":[{"href":"https:\/\/encuentroinformativo.com.mx\/index.php?rest_route=\/wp\/v2\/posts"}],"about":[{"href":"https:\/\/encuentroinformativo.com.mx\/index.php?rest_route=\/wp\/v2\/types\/post"}],"author":[{"embeddable":true,"href":"https:\/\/encuentroinformativo.com.mx\/index.php?rest_route=\/wp\/v2\/users\/2476"}],"replies":[{"embeddable":true,"href":"https:\/\/encuentroinformativo.com.mx\/index.php?rest_route=%2Fwp%2Fv2%2Fcomments&post=59395"}],"version-history":[{"count":1,"href":"https:\/\/encuentroinformativo.com.mx\/index.php?rest_route=\/wp\/v2\/posts\/59395\/revisions"}],"predecessor-version":[{"id":59398,"href":"https:\/\/encuentroinformativo.com.mx\/index.php?rest_route=\/wp\/v2\/posts\/59395\/revisions\/59398"}],"wp:featuredmedia":[{"embeddable":true,"href":"https:\/\/encuentroinformativo.com.mx\/index.php?rest_route=\/wp\/v2\/media\/59397"}],"wp:attachment":[{"href":"https:\/\/encuentroinformativo.com.mx\/index.php?rest_route=%2Fwp%2Fv2%2Fmedia&parent=59395"}],"wp:term":[{"taxonomy":"category","embeddable":true,"href":"https:\/\/encuentroinformativo.com.mx\/index.php?rest_route=%2Fwp%2Fv2%2Fcategories&post=59395"},{"taxonomy":"post_tag","embeddable":true,"href":"https:\/\/encuentroinformativo.com.mx\/index.php?rest_route=%2Fwp%2Fv2%2Ftags&post=59395"}],"curies":[{"name":"wp","href":"https:\/\/api.w.org\/{rel}","templated":true}]}}