{"id":59402,"date":"2024-10-10T14:51:01","date_gmt":"2024-10-10T20:51:01","guid":{"rendered":"https:\/\/encuentroinformativo.com.mx\/?p=59402"},"modified":"2024-10-10T14:51:08","modified_gmt":"2024-10-10T20:51:08","slug":"abren-carpeta-de-investigacion-por-caso-de-nino-que-huyo-de-su-casa","status":"publish","type":"post","link":"https:\/\/encuentroinformativo.com.mx\/?p=59402","title":{"rendered":"Abren carpeta de investigaci\u00f3n por caso de ni\u00f1o que huy\u00f3 de su casa"},"content":{"rendered":"\n<p><strong>Alejandro \u00c1vila<\/strong><\/p>\n\n\n\n<p>Veracruz, Ver.- El DIF Municipal de Veracruz confirm\u00f3 que fue abierta una carpeta de investigaci\u00f3n por el caso del ni\u00f1o de 8 a\u00f1os que huy\u00f3 de su casa por presunto maltrato de parte de su madrastra, mencion\u00f3 la directora, Ileana Le\u00f3n Huesca.<\/p>\n\n\n\n<p>El peque\u00f1o que fue resguardado en la Cruz Roja ubicada en la avenida Salvador D\u00edaz Mir\u00f3n fue puesto bajo el resguardo de su abuela paterna, tal como \u00e9l lo hab\u00eda solicitado, y tras las investigaciones pertinentes se determin\u00f3 que la familiar cumpl\u00eda con los requisitos que solicitaba la Fiscal\u00eda General de Veracruz.<\/p>\n\n\n\n<p>El menor presentaba signos de sufrir omisi\u00f3n de cuidados y violencia psicol\u00f3gica, por ello, se abri\u00f3 la investigaci\u00f3n por parte de la fiscal\u00eda.<\/p>\n\n\n\n<p>\u201cNo es nada m\u00e1s el abuso psicol\u00f3gico, el contexto en que se da es evidentemente es violencia familiar, estamos muy cuidadoso del cuidado de los ni\u00f1os y \u00e9l manifestaba una vida con varias intendencias que pueden ser un delito y pedimos que se abriera una carpeta de investigaci\u00f3n\u201d, dijo.<\/p>\n\n\n\n<p>El delito por que se esta investigando es violencia psicol\u00f3gica y omisi\u00f3n de cuidados.<\/p>\n\n\n\n<p>El pap\u00e1 del menor ya fue citado a declarar sobre el caso.<\/p>\n\n\n\n<p>Por su parte la alcaldesa de Veracruz, Patricia Lobeira Rodr\u00edguez, mencion\u00f3 que se le dar\u00e1 seguimiento al caso para confirmar que el peque\u00f1o se encuentra conforme y en buenas condiciones.<\/p>\n\n\n\n<p>&#8220;S\u00ed, siempre se dan seguimiento en estos casos, tenemos que tener un seguimiento constante para ir y revisar las condiciones en las que est\u00e1n los ni\u00f1os que reintegramos despu\u00e9s (\u2026) la Fiscal\u00eda, el DIF tambi\u00e9n interviene con el Procurador de Ni\u00f1os. En este sentido trabajaron todos juntos y se tom\u00f3 la decisi\u00f3n de que se reintegrar\u00e1 con su abuela&#8221;, expuso.<\/p>\n","protected":false},"excerpt":{"rendered":"<p>Alejandro \u00c1vila Veracruz, Ver.- El DIF Municipal de Veracruz confirm\u00f3 que fue abierta una carpeta de investigaci\u00f3n por el caso del ni\u00f1o de 8 a\u00f1os que huy\u00f3 de su casa por presunto maltrato de parte de su madrastra, mencion\u00f3 la directora, Ileana Le\u00f3n Huesca. El peque\u00f1o que fue resguardado en la Cruz Roja ubicada en [&hellip;]<\/p>\n","protected":false},"author":2476,"featured_media":59403,"comment_status":"open","ping_status":"open","sticky":false,"template":"","format":"standard","meta":{"_jetpack_memberships_contains_paid_content":false,"footnotes":""},"categories":[2],"tags":[],"class_list":["post-59402","post","type-post","status-publish","format-standard","has-post-thumbnail","hentry","category-estado"],"jetpack_featured_media_url":"https:\/\/encuentroinformativo.com.mx\/wp-content\/uploads\/2024\/10\/IMG-20241010-WA0097.jpg","jetpack_sharing_enabled":true,"jetpack_likes_enabled":true,"amp_enabled":true,"_links":{"self":[{"href":"https:\/\/encuentroinformativo.com.mx\/index.php?rest_route=\/wp\/v2\/posts\/59402","targetHints":{"allow":["GET"]}}],"collection":[{"href":"https:\/\/encuentroinformativo.com.mx\/index.php?rest_route=\/wp\/v2\/posts"}],"about":[{"href":"https:\/\/encuentroinformativo.com.mx\/index.php?rest_route=\/wp\/v2\/types\/post"}],"author":[{"embeddable":true,"href":"https:\/\/encuentroinformativo.com.mx\/index.php?rest_route=\/wp\/v2\/users\/2476"}],"replies":[{"embeddable":true,"href":"https:\/\/encuentroinformativo.com.mx\/index.php?rest_route=%2Fwp%2Fv2%2Fcomments&post=59402"}],"version-history":[{"count":1,"href":"https:\/\/encuentroinformativo.com.mx\/index.php?rest_route=\/wp\/v2\/posts\/59402\/revisions"}],"predecessor-version":[{"id":59404,"href":"https:\/\/encuentroinformativo.com.mx\/index.php?rest_route=\/wp\/v2\/posts\/59402\/revisions\/59404"}],"wp:featuredmedia":[{"embeddable":true,"href":"https:\/\/encuentroinformativo.com.mx\/index.php?rest_route=\/wp\/v2\/media\/59403"}],"wp:attachment":[{"href":"https:\/\/encuentroinformativo.com.mx\/index.php?rest_route=%2Fwp%2Fv2%2Fmedia&parent=59402"}],"wp:term":[{"taxonomy":"category","embeddable":true,"href":"https:\/\/encuentroinformativo.com.mx\/index.php?rest_route=%2Fwp%2Fv2%2Fcategories&post=59402"},{"taxonomy":"post_tag","embeddable":true,"href":"https:\/\/encuentroinformativo.com.mx\/index.php?rest_route=%2Fwp%2Fv2%2Ftags&post=59402"}],"curies":[{"name":"wp","href":"https:\/\/api.w.org\/{rel}","templated":true}]}}