{"id":59418,"date":"2024-10-11T11:10:51","date_gmt":"2024-10-11T17:10:51","guid":{"rendered":"https:\/\/encuentroinformativo.com.mx\/?p=59418"},"modified":"2024-10-11T11:10:56","modified_gmt":"2024-10-11T17:10:56","slug":"resalta-diputado-eleazar-guerrero-la-importancia-del-foro-sobre-enfermedades-raras-y-tamiz-neonatal","status":"publish","type":"post","link":"https:\/\/encuentroinformativo.com.mx\/?p=59418","title":{"rendered":"Resalta Diputado Eleazar Guerrero la Importancia del Foro sobre Enfermedades Raras y Tamiz Neonatal"},"content":{"rendered":"\n<p>Ciudad de M\u00e9xico.- Durante la conferencia de prensa convocada por la diputada M\u00f3nica Herrera Villavicencio, el diputado federal morenista Eleazar Guerrero P\u00e9rez enfatiz\u00f3 la relevancia del pr\u00f3ximo Foro sobre Enfermedades Raras y Tamiz Neonatal, programado para el 3 de diciembre en la C\u00e1mara de Diputados.<\/p>\n\n\n\n<p>Guerrero P\u00e9rez destac\u00f3 que este evento busca visibilizar la importancia del diagn\u00f3stico temprano y la prevenci\u00f3n de enfermedades raras, as\u00ed como promover el tamiz neonatal.<\/p>\n\n\n\n<p>&#8220;Nos sumamos a esta gran lucha porque M\u00f3nica es un ejemplo de vida y una campeona&#8221;, afirm\u00f3 Guerrero P\u00e9rez, quien subray\u00f3 que el grupo parlamentario de Morena est\u00e1 comprometido con temas fundamentales para la vida de todos los mexicanos.<\/p>\n\n\n\n<p>En su intervenci\u00f3n, el diputado resalt\u00f3 que muchas enfermedades gen\u00e9ticas pueden ser detectadas y tratadas a tiempo: \u201cHay temas que como este donde muchos creemos que las enfermedades gen\u00e9ticas, no son ya ni atendibles ni curables y hoy con esta visibilidad que se est\u00e1 haciendo, de estas enfermedades conocemos cada d\u00eda m\u00e1s que no solamente se pueden detectar sino que tambi\u00e9n se pueden curar\u201d afirm\u00f3.<\/p>\n\n\n\n<p>Guerrero P\u00e9rez tambi\u00e9n abord\u00f3 la importancia del tamiz neonatal como una herramienta preventiva clave en la detecci\u00f3n temprana de estas enfermedades. &#8220;Este gobierno apuesta a la salud y a la prevenci\u00f3n&#8221;, destac\u00f3, se\u00f1alando que su participaci\u00f3n en el foro es parte de un esfuerzo parlamentario responsable para generar conciencia sobre estos temas cr\u00edticos.<\/p>\n\n\n\n<p>El foro, adem\u00e1s de contar con la participaci\u00f3n de otros legisladores, busca involucrar a la sociedad en una estrategia inclusiva que garantice atenci\u00f3n oportuna para todos. La diputada Herrera comparti\u00f3 su experiencia personal con la atrofia muscular tipo Hoffmann, enfatizando que el conocimiento del estado gen\u00e9tico es vital para todos los mexicanos.<\/p>\n\n\n\n<h1 class=\"wp-block-heading\"><\/h1>\n","protected":false},"excerpt":{"rendered":"<p>Ciudad de M\u00e9xico.- Durante la conferencia de prensa convocada por la diputada M\u00f3nica Herrera Villavicencio, el diputado federal morenista Eleazar Guerrero P\u00e9rez enfatiz\u00f3 la relevancia del pr\u00f3ximo Foro sobre Enfermedades Raras y Tamiz Neonatal, programado para el 3 de diciembre en la C\u00e1mara de Diputados. Guerrero P\u00e9rez destac\u00f3 que este evento busca visibilizar la importancia [&hellip;]<\/p>\n","protected":false},"author":2476,"featured_media":59419,"comment_status":"open","ping_status":"open","sticky":false,"template":"","format":"standard","meta":{"_jetpack_memberships_contains_paid_content":false,"footnotes":""},"categories":[12],"tags":[],"class_list":["post-59418","post","type-post","status-publish","format-standard","has-post-thumbnail","hentry","category-nacional"],"jetpack_featured_media_url":"https:\/\/encuentroinformativo.com.mx\/wp-content\/uploads\/2024\/10\/IMG-20241011-WA0007.jpg","jetpack_sharing_enabled":true,"jetpack_likes_enabled":true,"amp_enabled":true,"_links":{"self":[{"href":"https:\/\/encuentroinformativo.com.mx\/index.php?rest_route=\/wp\/v2\/posts\/59418","targetHints":{"allow":["GET"]}}],"collection":[{"href":"https:\/\/encuentroinformativo.com.mx\/index.php?rest_route=\/wp\/v2\/posts"}],"about":[{"href":"https:\/\/encuentroinformativo.com.mx\/index.php?rest_route=\/wp\/v2\/types\/post"}],"author":[{"embeddable":true,"href":"https:\/\/encuentroinformativo.com.mx\/index.php?rest_route=\/wp\/v2\/users\/2476"}],"replies":[{"embeddable":true,"href":"https:\/\/encuentroinformativo.com.mx\/index.php?rest_route=%2Fwp%2Fv2%2Fcomments&post=59418"}],"version-history":[{"count":1,"href":"https:\/\/encuentroinformativo.com.mx\/index.php?rest_route=\/wp\/v2\/posts\/59418\/revisions"}],"predecessor-version":[{"id":59420,"href":"https:\/\/encuentroinformativo.com.mx\/index.php?rest_route=\/wp\/v2\/posts\/59418\/revisions\/59420"}],"wp:featuredmedia":[{"embeddable":true,"href":"https:\/\/encuentroinformativo.com.mx\/index.php?rest_route=\/wp\/v2\/media\/59419"}],"wp:attachment":[{"href":"https:\/\/encuentroinformativo.com.mx\/index.php?rest_route=%2Fwp%2Fv2%2Fmedia&parent=59418"}],"wp:term":[{"taxonomy":"category","embeddable":true,"href":"https:\/\/encuentroinformativo.com.mx\/index.php?rest_route=%2Fwp%2Fv2%2Fcategories&post=59418"},{"taxonomy":"post_tag","embeddable":true,"href":"https:\/\/encuentroinformativo.com.mx\/index.php?rest_route=%2Fwp%2Fv2%2Ftags&post=59418"}],"curies":[{"name":"wp","href":"https:\/\/api.w.org\/{rel}","templated":true}]}}