{"id":59421,"date":"2024-10-11T14:37:29","date_gmt":"2024-10-11T20:37:29","guid":{"rendered":"https:\/\/encuentroinformativo.com.mx\/?p=59421"},"modified":"2024-10-11T14:37:35","modified_gmt":"2024-10-11T20:37:35","slug":"exigen-a-la-sev-docentes-para-centro-de-educacion-multiple-de-boca-del-rio","status":"publish","type":"post","link":"https:\/\/encuentroinformativo.com.mx\/?p=59421","title":{"rendered":"Exigen a la SEV docentes para centro de Educaci\u00f3n m\u00faltiple de Boca del R\u00edo"},"content":{"rendered":"\n<p><strong>Alejandro \u00c1vila<\/strong><\/p>\n\n\n\n<p>Veracruz, Ver.- Desde el inicio del ciclo escolar 2024 &#8211; 2025, cerca de 20 alumnos del Centro de Atenci\u00f3n M\u00faltiple (CAM) #62 ubicado en el fraccionamiento La Tampiquera del municipio de Boca del R\u00edo no han podido tomar clases por falta de maestros.<\/p>\n\n\n\n<p>Corina Cuevas, presidente de la Asociaci\u00f3n de Padres de Familia mencion\u00f3 que ya giraron oficios a Maritza Rodr\u00edguez Aguilar, subsecretar\u00eda de Educaci\u00f3n, sin embargo, esta no les ha dado respuesta.<\/p>\n\n\n\n<p>&#8220;Nos faltan dos maestros, porque dos maestros se fueron de permiso sin goce de sueldo, pero permiso indefinido y no cubrieron el espacio. Entonces, obviamente quedaron 20 ni\u00f1os sin clases, qu\u00e9 pasa, que son ni\u00f1os que tienen muchas necesidades, que tienen cuatro meses si tomamos en cuenta las vacaciones que no est\u00e1n tomando clases y se est\u00e1n atrasando a lo que ya hab\u00edan avanzado (\u2026) hay ni\u00f1os en preescolar, hay j\u00f3venes que tenemos en taller y que no est\u00e1n recibiendo la atenci\u00f3n (\u2026) todos son con necesidades especiales&#8221;, expres\u00f3.<\/p>\n\n\n\n<p>En ese sentido, expuso que est\u00e1n faltando a los art\u00edculos 3 y 64 de la Constituci\u00f3n Mexicana, donde se especifica que la educaci\u00f3n debe de ser para todos, por lo cual est\u00e1n violando los derechos de los menores.<\/p>\n\n\n\n<p>&#8220;No est\u00e1n yendo a la escuela, no est\u00e1n teniendo clases, el problema es ese, se est\u00e1n atrasando porque desde que iniciaron las clases no tienen clases, o sea dos meses que est\u00e1n en su casa sin nada, estamos hablando de que hay pap\u00e1s que no tienen los recursos necesarios para pagar una terapia, no tienen una terapia y tampoco tienen atenci\u00f3n aqu\u00ed, son ni\u00f1os atrasados, son ni\u00f1os que se est\u00e1n atrasando demasiado&#8221;, culmin\u00f3.<\/p>\n","protected":false},"excerpt":{"rendered":"<p>Alejandro \u00c1vila Veracruz, Ver.- Desde el inicio del ciclo escolar 2024 &#8211; 2025, cerca de 20 alumnos del Centro de Atenci\u00f3n M\u00faltiple (CAM) #62 ubicado en el fraccionamiento La Tampiquera del municipio de Boca del R\u00edo no han podido tomar clases por falta de maestros. Corina Cuevas, presidente de la Asociaci\u00f3n de Padres de Familia [&hellip;]<\/p>\n","protected":false},"author":2476,"featured_media":59422,"comment_status":"open","ping_status":"open","sticky":false,"template":"","format":"standard","meta":{"_jetpack_memberships_contains_paid_content":false,"footnotes":""},"categories":[2],"tags":[],"class_list":["post-59421","post","type-post","status-publish","format-standard","has-post-thumbnail","hentry","category-estado"],"jetpack_featured_media_url":"https:\/\/encuentroinformativo.com.mx\/wp-content\/uploads\/2024\/10\/IMG-20241011-WA0019.jpg","jetpack_sharing_enabled":true,"jetpack_likes_enabled":true,"amp_enabled":true,"_links":{"self":[{"href":"https:\/\/encuentroinformativo.com.mx\/index.php?rest_route=\/wp\/v2\/posts\/59421","targetHints":{"allow":["GET"]}}],"collection":[{"href":"https:\/\/encuentroinformativo.com.mx\/index.php?rest_route=\/wp\/v2\/posts"}],"about":[{"href":"https:\/\/encuentroinformativo.com.mx\/index.php?rest_route=\/wp\/v2\/types\/post"}],"author":[{"embeddable":true,"href":"https:\/\/encuentroinformativo.com.mx\/index.php?rest_route=\/wp\/v2\/users\/2476"}],"replies":[{"embeddable":true,"href":"https:\/\/encuentroinformativo.com.mx\/index.php?rest_route=%2Fwp%2Fv2%2Fcomments&post=59421"}],"version-history":[{"count":1,"href":"https:\/\/encuentroinformativo.com.mx\/index.php?rest_route=\/wp\/v2\/posts\/59421\/revisions"}],"predecessor-version":[{"id":59423,"href":"https:\/\/encuentroinformativo.com.mx\/index.php?rest_route=\/wp\/v2\/posts\/59421\/revisions\/59423"}],"wp:featuredmedia":[{"embeddable":true,"href":"https:\/\/encuentroinformativo.com.mx\/index.php?rest_route=\/wp\/v2\/media\/59422"}],"wp:attachment":[{"href":"https:\/\/encuentroinformativo.com.mx\/index.php?rest_route=%2Fwp%2Fv2%2Fmedia&parent=59421"}],"wp:term":[{"taxonomy":"category","embeddable":true,"href":"https:\/\/encuentroinformativo.com.mx\/index.php?rest_route=%2Fwp%2Fv2%2Fcategories&post=59421"},{"taxonomy":"post_tag","embeddable":true,"href":"https:\/\/encuentroinformativo.com.mx\/index.php?rest_route=%2Fwp%2Fv2%2Ftags&post=59421"}],"curies":[{"name":"wp","href":"https:\/\/api.w.org\/{rel}","templated":true}]}}