{"id":59437,"date":"2024-10-11T14:59:32","date_gmt":"2024-10-11T20:59:32","guid":{"rendered":"https:\/\/encuentroinformativo.com.mx\/?p=59437"},"modified":"2024-10-11T14:59:38","modified_gmt":"2024-10-11T20:59:38","slug":"mas-de-mil-personas-participaran-en-desfile-de-catrinas-de-veracruz-puerto","status":"publish","type":"post","link":"https:\/\/encuentroinformativo.com.mx\/?p=59437","title":{"rendered":"M\u00e1s de mil personas participar\u00e1n en desfile de Catrinas de Veracruz puerto"},"content":{"rendered":"\n<p><strong>Alejandro \u00c1vila<\/strong><\/p>\n\n\n\n<p>Veracruz, Ver.- M\u00e1s de mil personas participar\u00e1n en el desfile de Catrinas organizado por la Academia de Belleza &#8220;Reflejos&#8221; y del Comit\u00e9 de Carnaval de Veracruz, evento que se llevar\u00e1 a cabo el pr\u00f3ximo mi\u00e9rcoles 30 de octubre sobre la avenida Independencia.<\/p>\n\n\n\n<p>Este desfile fue retomado y tom\u00f3 auge en el puerto de Veracruz gracias al impulso del hoy finado, maestro, Phillipe Reyes.<\/p>\n\n\n\n<p>El d\u00e9cimo primer Desfile &amp; Papaqui de Catrinas \u201cTradiciones Mexicanas\u201d dar\u00e1 inicio en punto de las 18:00 horas partiendo de Ray\u00f3n y Zaragoza (a un lado de Bomberos) para tomar la avenida Independencia y concluir\u00e1 con una verbena popular donde se premiar\u00e1 a las mejores caracterizaciones de la Academia de Belleza Reflejos y del p\u00fablico en general que participe, adem\u00e1s de un espect\u00e1culo musical.<\/p>\n\n\n\n<p>Se espera la participaci\u00f3n en el contingente de m\u00e1s de mil personas caracterizadas de Catrinas y Catrines.<\/p>\n\n\n\n<p>Este a\u00f1o el contingente lo conformar\u00e1n: Catrinas Novias, Catrinas Monocrom\u00e1ticas, Catrinas Talavera, Catrinas Papel Picado, Catrinas Tradicionales, Catrinas Garbanceras y Catrinas Viuda Negra.<\/p>\n\n\n\n<p>La Academia de Belleza Reflejos invita a la ciudadan\u00eda a participar en este anual desfile.<\/p>\n\n\n\n<p>Puedes inscribirte de manera gratuita en las instalaciones de la Academia ubicada en Esteban Morales entre Independencia y 5 de Mayo (Centro Hist\u00f3rico). A los primeros inscritos se les obsequiar\u00e1 maquillaje y preparaci\u00f3n de la piel, cortes\u00eda de la Escuela de Cosmetolog\u00eda TRIAL, patrocinador oficial del Papaqui de Catrinas Tradiciones Mexicanas.<\/p>\n\n\n\n<figure class=\"wp-block-image size-large\"><img loading=\"lazy\" decoding=\"async\" width=\"1000\" height=\"750\" src=\"https:\/\/encuentroinformativo.com.mx\/wp-content\/uploads\/2024\/10\/1000403508.jpg\" alt=\"\" class=\"wp-image-59439\" srcset=\"https:\/\/encuentroinformativo.com.mx\/wp-content\/uploads\/2024\/10\/1000403508.jpg 1000w, https:\/\/encuentroinformativo.com.mx\/wp-content\/uploads\/2024\/10\/1000403508-300x225.jpg 300w, https:\/\/encuentroinformativo.com.mx\/wp-content\/uploads\/2024\/10\/1000403508-768x576.jpg 768w\" sizes=\"auto, (max-width: 1000px) 100vw, 1000px\" \/><\/figure>\n","protected":false},"excerpt":{"rendered":"<p>Alejandro \u00c1vila Veracruz, Ver.- M\u00e1s de mil personas participar\u00e1n en el desfile de Catrinas organizado por la Academia de Belleza &#8220;Reflejos&#8221; y del Comit\u00e9 de Carnaval de Veracruz, evento que se llevar\u00e1 a cabo el pr\u00f3ximo mi\u00e9rcoles 30 de octubre sobre la avenida Independencia. Este desfile fue retomado y tom\u00f3 auge en el puerto de [&hellip;]<\/p>\n","protected":false},"author":2476,"featured_media":59438,"comment_status":"open","ping_status":"open","sticky":false,"template":"","format":"standard","meta":{"_jetpack_memberships_contains_paid_content":false,"footnotes":""},"categories":[2],"tags":[],"class_list":["post-59437","post","type-post","status-publish","format-standard","has-post-thumbnail","hentry","category-estado"],"jetpack_featured_media_url":"https:\/\/encuentroinformativo.com.mx\/wp-content\/uploads\/2024\/10\/IMG-20241011-WA0080.jpg","jetpack_sharing_enabled":true,"jetpack_likes_enabled":true,"amp_enabled":true,"_links":{"self":[{"href":"https:\/\/encuentroinformativo.com.mx\/index.php?rest_route=\/wp\/v2\/posts\/59437","targetHints":{"allow":["GET"]}}],"collection":[{"href":"https:\/\/encuentroinformativo.com.mx\/index.php?rest_route=\/wp\/v2\/posts"}],"about":[{"href":"https:\/\/encuentroinformativo.com.mx\/index.php?rest_route=\/wp\/v2\/types\/post"}],"author":[{"embeddable":true,"href":"https:\/\/encuentroinformativo.com.mx\/index.php?rest_route=\/wp\/v2\/users\/2476"}],"replies":[{"embeddable":true,"href":"https:\/\/encuentroinformativo.com.mx\/index.php?rest_route=%2Fwp%2Fv2%2Fcomments&post=59437"}],"version-history":[{"count":1,"href":"https:\/\/encuentroinformativo.com.mx\/index.php?rest_route=\/wp\/v2\/posts\/59437\/revisions"}],"predecessor-version":[{"id":59440,"href":"https:\/\/encuentroinformativo.com.mx\/index.php?rest_route=\/wp\/v2\/posts\/59437\/revisions\/59440"}],"wp:featuredmedia":[{"embeddable":true,"href":"https:\/\/encuentroinformativo.com.mx\/index.php?rest_route=\/wp\/v2\/media\/59438"}],"wp:attachment":[{"href":"https:\/\/encuentroinformativo.com.mx\/index.php?rest_route=%2Fwp%2Fv2%2Fmedia&parent=59437"}],"wp:term":[{"taxonomy":"category","embeddable":true,"href":"https:\/\/encuentroinformativo.com.mx\/index.php?rest_route=%2Fwp%2Fv2%2Fcategories&post=59437"},{"taxonomy":"post_tag","embeddable":true,"href":"https:\/\/encuentroinformativo.com.mx\/index.php?rest_route=%2Fwp%2Fv2%2Ftags&post=59437"}],"curies":[{"name":"wp","href":"https:\/\/api.w.org\/{rel}","templated":true}]}}