{"id":59441,"date":"2024-10-11T12:01:14","date_gmt":"2024-10-11T18:01:14","guid":{"rendered":"https:\/\/encuentroinformativo.com.mx\/?p=59441"},"modified":"2024-10-11T15:02:15","modified_gmt":"2024-10-11T21:02:15","slug":"uriel-vital-dara-concierto-en-el-teatro-de-la-reforma","status":"publish","type":"post","link":"https:\/\/encuentroinformativo.com.mx\/?p=59441","title":{"rendered":"Uriel Vital dar\u00e1 concierto en el Teatro de la Reforma"},"content":{"rendered":"\n<p><strong>Alejandro \u00c1vila<\/strong><\/p>\n\n\n\n<p>Veracruz, Ver.- El \u201cConcierto \u00cdntimo\u201d del veracruzano Uriel Vital cambia de sede, ahora se realizar\u00e1 en el Teatro de la Reforma, el mismo d\u00eda, s\u00e1bado 12 de octubre a las 19:00 horas.<\/p>\n\n\n\n<p>\u201cConcierto \u00cdntimo\u201d by Uriel Vital incluye canciones que han marcado una \u00e9poca en la cultura mexicana como: Todo se derrumb\u00f3 (Emmanuel); El triste (Jos\u00e9 Jos\u00e9); Vivir as\u00ed es morir de amor (Camilo Sesto); A mi manera (Raphael); Me va a extra\u00f1ar (Ricardo Montaner), por citar s\u00f3lo algunas.<\/p>\n\n\n\n<p>\u201cEs un concierto donde la sensibilidad estar\u00e1 muy presente con canciones del ayer y el hoy, de los 70s, 80s, 90s, que han marcado \u00e9poca y en la cultura mexicana han dejado huella (\u2026) Canciones que han popularizado Ana Gabriel, Juan Gabriel, Luis Miguel\u201d, comenta el tambi\u00e9n compositor.<\/p>\n\n\n\n<p>\u201cConcierto \u00cdntimo\u201d by Uriel Vital incluye canciones de su propia autor\u00eda como \u201cCartas de amor\u201d; \u201cLo que pudimos ser\u201d y \u201cCuando yo me vaya\u201d.<\/p>\n\n\n\n<p>M\u00e1s informes: 229 522 2827<br>Facebook e IG: Uriel Vital Oficial<\/p>\n","protected":false},"excerpt":{"rendered":"<p>Alejandro \u00c1vila Veracruz, Ver.- El \u201cConcierto \u00cdntimo\u201d del veracruzano Uriel Vital cambia de sede, ahora se realizar\u00e1 en el Teatro de la Reforma, el mismo d\u00eda, s\u00e1bado 12 de octubre a las 19:00 horas. \u201cConcierto \u00cdntimo\u201d by Uriel Vital incluye canciones que han marcado una \u00e9poca en la cultura mexicana como: Todo se derrumb\u00f3 (Emmanuel); [&hellip;]<\/p>\n","protected":false},"author":2476,"featured_media":59442,"comment_status":"open","ping_status":"open","sticky":false,"template":"","format":"standard","meta":{"_jetpack_memberships_contains_paid_content":false,"footnotes":""},"categories":[2],"tags":[],"class_list":["post-59441","post","type-post","status-publish","format-standard","has-post-thumbnail","hentry","category-estado"],"jetpack_featured_media_url":"https:\/\/encuentroinformativo.com.mx\/wp-content\/uploads\/2024\/10\/IMG-20241011-WA00762.jpg","jetpack_sharing_enabled":true,"jetpack_likes_enabled":true,"amp_enabled":true,"_links":{"self":[{"href":"https:\/\/encuentroinformativo.com.mx\/index.php?rest_route=\/wp\/v2\/posts\/59441","targetHints":{"allow":["GET"]}}],"collection":[{"href":"https:\/\/encuentroinformativo.com.mx\/index.php?rest_route=\/wp\/v2\/posts"}],"about":[{"href":"https:\/\/encuentroinformativo.com.mx\/index.php?rest_route=\/wp\/v2\/types\/post"}],"author":[{"embeddable":true,"href":"https:\/\/encuentroinformativo.com.mx\/index.php?rest_route=\/wp\/v2\/users\/2476"}],"replies":[{"embeddable":true,"href":"https:\/\/encuentroinformativo.com.mx\/index.php?rest_route=%2Fwp%2Fv2%2Fcomments&post=59441"}],"version-history":[{"count":1,"href":"https:\/\/encuentroinformativo.com.mx\/index.php?rest_route=\/wp\/v2\/posts\/59441\/revisions"}],"predecessor-version":[{"id":59443,"href":"https:\/\/encuentroinformativo.com.mx\/index.php?rest_route=\/wp\/v2\/posts\/59441\/revisions\/59443"}],"wp:featuredmedia":[{"embeddable":true,"href":"https:\/\/encuentroinformativo.com.mx\/index.php?rest_route=\/wp\/v2\/media\/59442"}],"wp:attachment":[{"href":"https:\/\/encuentroinformativo.com.mx\/index.php?rest_route=%2Fwp%2Fv2%2Fmedia&parent=59441"}],"wp:term":[{"taxonomy":"category","embeddable":true,"href":"https:\/\/encuentroinformativo.com.mx\/index.php?rest_route=%2Fwp%2Fv2%2Fcategories&post=59441"},{"taxonomy":"post_tag","embeddable":true,"href":"https:\/\/encuentroinformativo.com.mx\/index.php?rest_route=%2Fwp%2Fv2%2Ftags&post=59441"}],"curies":[{"name":"wp","href":"https:\/\/api.w.org\/{rel}","templated":true}]}}