{"id":59447,"date":"2024-10-11T15:09:09","date_gmt":"2024-10-11T21:09:09","guid":{"rendered":"https:\/\/encuentroinformativo.com.mx\/?p=59447"},"modified":"2024-10-11T15:09:14","modified_gmt":"2024-10-11T21:09:14","slug":"tres-personas-pierden-la-vida-en-rodriguez-clara-tras-accidente-automovilistico","status":"publish","type":"post","link":"https:\/\/encuentroinformativo.com.mx\/?p=59447","title":{"rendered":"Tres personas pierden la vida en Rodr\u00edguez Clara tras accidente automovil\u00edstico"},"content":{"rendered":"\n<p><strong>Alejandro \u00c1vila<\/strong><\/p>\n\n\n\n<p>Juan Rodr\u00edguez Clara, Ver.- Un fatal accidente automovil\u00edstico cobra la vida de tres personas y dej\u00f3 a dos m\u00e1s heridas, los hechos ocurrieron la madrugada de este viernes en el municipio de Juan Rodr\u00edguez Clara.<\/p>\n\n\n\n<p>Los reportes indican que una camioneta que transportaba a cinco trabajadores de una empresa agr\u00edcola se impact\u00f3 con la plana de un tr\u00e1iler, misma que se encontraba irregularmente estacionada en la carretera, el siniestro ocurri\u00f3 cerca de las 5 de la ma\u00f1ana a la altura de la localidad Los Tigres.<\/p>\n\n\n\n<p>De este incidente tres personas perdieron la vida al instante, dos quedaron atrapadas dentro del veh\u00edculo y una m\u00e1s sali\u00f3 proyectada de la unidad, otros dos pasajeros resultaron con lesiones graves; todos fueron valorados por param\u00e9dicos y los lesionados trasladados al hospital de Ciudad Isla.<\/p>\n\n\n\n<p>Las autoridades informaron que las v\u00edctimas eran originarias de Ciudad Isla y se dirig\u00edan a sus labores agr\u00edcolas; los cuerpos de las personas fallecidas fueron trasladados al Servicio M\u00e9dico Forense (SEMEFO) de Ciudad Isla, donde sus familiares deber\u00e1n realizar los tr\u00e1mites correspondientes para identificarlos y reclamarlos.<\/p>\n","protected":false},"excerpt":{"rendered":"<p>Alejandro \u00c1vila Juan Rodr\u00edguez Clara, Ver.- Un fatal accidente automovil\u00edstico cobra la vida de tres personas y dej\u00f3 a dos m\u00e1s heridas, los hechos ocurrieron la madrugada de este viernes en el municipio de Juan Rodr\u00edguez Clara. Los reportes indican que una camioneta que transportaba a cinco trabajadores de una empresa agr\u00edcola se impact\u00f3 con [&hellip;]<\/p>\n","protected":false},"author":2476,"featured_media":59448,"comment_status":"open","ping_status":"open","sticky":false,"template":"","format":"standard","meta":{"_jetpack_memberships_contains_paid_content":false,"footnotes":""},"categories":[2],"tags":[],"class_list":["post-59447","post","type-post","status-publish","format-standard","has-post-thumbnail","hentry","category-estado"],"jetpack_featured_media_url":"https:\/\/encuentroinformativo.com.mx\/wp-content\/uploads\/2024\/10\/IMG-20241011-WA0070.jpg","jetpack_sharing_enabled":true,"jetpack_likes_enabled":true,"amp_enabled":true,"_links":{"self":[{"href":"https:\/\/encuentroinformativo.com.mx\/index.php?rest_route=\/wp\/v2\/posts\/59447","targetHints":{"allow":["GET"]}}],"collection":[{"href":"https:\/\/encuentroinformativo.com.mx\/index.php?rest_route=\/wp\/v2\/posts"}],"about":[{"href":"https:\/\/encuentroinformativo.com.mx\/index.php?rest_route=\/wp\/v2\/types\/post"}],"author":[{"embeddable":true,"href":"https:\/\/encuentroinformativo.com.mx\/index.php?rest_route=\/wp\/v2\/users\/2476"}],"replies":[{"embeddable":true,"href":"https:\/\/encuentroinformativo.com.mx\/index.php?rest_route=%2Fwp%2Fv2%2Fcomments&post=59447"}],"version-history":[{"count":1,"href":"https:\/\/encuentroinformativo.com.mx\/index.php?rest_route=\/wp\/v2\/posts\/59447\/revisions"}],"predecessor-version":[{"id":59449,"href":"https:\/\/encuentroinformativo.com.mx\/index.php?rest_route=\/wp\/v2\/posts\/59447\/revisions\/59449"}],"wp:featuredmedia":[{"embeddable":true,"href":"https:\/\/encuentroinformativo.com.mx\/index.php?rest_route=\/wp\/v2\/media\/59448"}],"wp:attachment":[{"href":"https:\/\/encuentroinformativo.com.mx\/index.php?rest_route=%2Fwp%2Fv2%2Fmedia&parent=59447"}],"wp:term":[{"taxonomy":"category","embeddable":true,"href":"https:\/\/encuentroinformativo.com.mx\/index.php?rest_route=%2Fwp%2Fv2%2Fcategories&post=59447"},{"taxonomy":"post_tag","embeddable":true,"href":"https:\/\/encuentroinformativo.com.mx\/index.php?rest_route=%2Fwp%2Fv2%2Ftags&post=59447"}],"curies":[{"name":"wp","href":"https:\/\/api.w.org\/{rel}","templated":true}]}}