{"id":59456,"date":"2024-10-12T13:29:58","date_gmt":"2024-10-12T19:29:58","guid":{"rendered":"https:\/\/encuentroinformativo.com.mx\/?p=59456"},"modified":"2024-10-12T13:30:04","modified_gmt":"2024-10-12T19:30:04","slug":"un-delincuente-abatido-en-persecucion-policiaca","status":"publish","type":"post","link":"https:\/\/encuentroinformativo.com.mx\/?p=59456","title":{"rendered":"Un delincuente abatido en persecuci\u00f3n polic\u00edaca"},"content":{"rendered":"\n<p><strong>Dar\u00edo Pale<\/strong><\/p>\n\n\n\n<p>Xalapa, Ver.- Un delincuente abatido y uno m\u00e1s detenido fue el resultado de un ataque a los polic\u00edas municipales, lo que ocasion\u00f3 una gran movilizaci\u00f3n policiaca la ma\u00f1ana de este s\u00e1bado esto, tras una persecuci\u00f3n que inici\u00f3 en la avenida Chedraui Caram y culmin\u00f3 en el Camino Antiguo Chiltoyac.<\/p>\n\n\n\n<p>Seg\u00fan se lleg\u00f3 a saber los polic\u00edas municipales le marcaron el alto a un camioneta de la marca Toyota color gris que circulaba sobre la avenida Chedraui Caram, sin embargo, el conductor hizo caso omiso e inici\u00f3 la persecuci\u00f3n.<\/p>\n\n\n\n<p>A la altura de Camino Antiguo a Chiltoyac, los delincuentes abrieron fuego contra los uniformados y se inici\u00f3 el intercambio de disparos.<\/p>\n\n\n\n<p>En el lugar uno de los agresores fue abatido, mientras que otro se dio a la fuga y uno m\u00e1s fue detenido por polic\u00edas municipales, quienes en una r\u00e1pida acci\u00f3n neutralizaron al agresor.<\/p>\n\n\n\n<p>Durante el operativo se sumaron polic\u00edas estatales y realizaron un operativo de b\u00fasqueda para tratar de localizar al presunto delincuente que se dio a la fuga.<\/p>\n\n\n\n<p>La zona permanece acordonada en espera del personal de Servicios Periciales para recabar los indicios y levantar el cuerpo para trasladarlo al SEMEFO.<\/p>\n","protected":false},"excerpt":{"rendered":"<p>Dar\u00edo Pale Xalapa, Ver.- Un delincuente abatido y uno m\u00e1s detenido fue el resultado de un ataque a los polic\u00edas municipales, lo que ocasion\u00f3 una gran movilizaci\u00f3n policiaca la ma\u00f1ana de este s\u00e1bado esto, tras una persecuci\u00f3n que inici\u00f3 en la avenida Chedraui Caram y culmin\u00f3 en el Camino Antiguo Chiltoyac. Seg\u00fan se lleg\u00f3 a [&hellip;]<\/p>\n","protected":false},"author":2476,"featured_media":59457,"comment_status":"open","ping_status":"open","sticky":false,"template":"","format":"standard","meta":{"_jetpack_memberships_contains_paid_content":false,"footnotes":""},"categories":[14],"tags":[],"class_list":["post-59456","post","type-post","status-publish","format-standard","has-post-thumbnail","hentry","category-policiaca"],"jetpack_featured_media_url":"https:\/\/encuentroinformativo.com.mx\/wp-content\/uploads\/2024\/10\/IMG-20241012-WA0057.jpg","jetpack_sharing_enabled":true,"jetpack_likes_enabled":true,"amp_enabled":true,"_links":{"self":[{"href":"https:\/\/encuentroinformativo.com.mx\/index.php?rest_route=\/wp\/v2\/posts\/59456","targetHints":{"allow":["GET"]}}],"collection":[{"href":"https:\/\/encuentroinformativo.com.mx\/index.php?rest_route=\/wp\/v2\/posts"}],"about":[{"href":"https:\/\/encuentroinformativo.com.mx\/index.php?rest_route=\/wp\/v2\/types\/post"}],"author":[{"embeddable":true,"href":"https:\/\/encuentroinformativo.com.mx\/index.php?rest_route=\/wp\/v2\/users\/2476"}],"replies":[{"embeddable":true,"href":"https:\/\/encuentroinformativo.com.mx\/index.php?rest_route=%2Fwp%2Fv2%2Fcomments&post=59456"}],"version-history":[{"count":1,"href":"https:\/\/encuentroinformativo.com.mx\/index.php?rest_route=\/wp\/v2\/posts\/59456\/revisions"}],"predecessor-version":[{"id":59458,"href":"https:\/\/encuentroinformativo.com.mx\/index.php?rest_route=\/wp\/v2\/posts\/59456\/revisions\/59458"}],"wp:featuredmedia":[{"embeddable":true,"href":"https:\/\/encuentroinformativo.com.mx\/index.php?rest_route=\/wp\/v2\/media\/59457"}],"wp:attachment":[{"href":"https:\/\/encuentroinformativo.com.mx\/index.php?rest_route=%2Fwp%2Fv2%2Fmedia&parent=59456"}],"wp:term":[{"taxonomy":"category","embeddable":true,"href":"https:\/\/encuentroinformativo.com.mx\/index.php?rest_route=%2Fwp%2Fv2%2Fcategories&post=59456"},{"taxonomy":"post_tag","embeddable":true,"href":"https:\/\/encuentroinformativo.com.mx\/index.php?rest_route=%2Fwp%2Fv2%2Ftags&post=59456"}],"curies":[{"name":"wp","href":"https:\/\/api.w.org\/{rel}","templated":true}]}}