{"id":5946,"date":"2020-09-18T07:21:40","date_gmt":"2020-09-18T12:21:40","guid":{"rendered":"https:\/\/encuentroinformativo.com.mx\/?p=5946"},"modified":"2020-09-18T01:09:14","modified_gmt":"2020-09-18T06:09:14","slug":"nunca-olvida-a-sus-amigos-narcos","status":"publish","type":"post","link":"https:\/\/encuentroinformativo.com.mx\/?p=5946","title":{"rendered":"NUNCA OLVIDA A SUS AMIGOS NARCOS"},"content":{"rendered":"\n<p><strong>+ En Veracruz, asambleas no v\u00e1lidas del partido de Elba Esther.<\/strong><\/p>\n\n\n\n<p><strong>+ Gira productiva del gober en la Huasteca Alta.<\/strong><\/p>\n\n\n\n<p><strong>+ Y viene otra mega-rifa presidencial.<\/strong><\/p>\n\n\n\n<p><strong>Que el Chiquistriquis se enoja que se metan con la mami de su nuevo hermanito&#8230; No entend\u00ed&#8230;<\/strong><\/p>\n\n\n\n<p><strong>&#8211;Chopenjawer<\/strong><\/p>\n\n\n\n<p>Dicen que cuando el r\u00edo suena, piedras trae&#8230;<\/p>\n\n\n\n<p>Fernandito quiz\u00e1 no ten\u00eda nada mejor qu\u00e9 hacer y lo \u00fanico que se le pudo ocurrir fue mandarle una felicitaci\u00f3n al gobernador de Tamaulipas, Francisco Javier Garc\u00eda Cabeza de Vaca, porque este jueves cumpli\u00f3 53 a\u00f1os.<\/p>\n\n\n\n<p>Es curioso, pero hoy mismo, el mandatario estatal tambi\u00e9n fue tema en medios nacionales, pues trascendi\u00f3 un documento, supuestamente confidencial del Bur\u00f3 Federal de Investigaciones (el temido FBI), en el que se despliega un informe de una presunta reuni\u00f3n entre Garc\u00eda Cabeza de Vaca y el fundador del C\u00e1rtel de Sinaloa, Joaqu\u00edn &#8220;El Chapo&#8221; Guzm\u00e1n, actualmente recluido en una prisi\u00f3n en Estados Unidos.<\/p>\n\n\n\n<p>De acuerdo al prestigiado portal Pol\u00edtico.Mx, &#8220;en el documento que se filtr\u00f3 se aprecia a ver que se trata del expediente con folio 168MATAMOROS182_d, que fue redactado el 17 de junio de 2015, y precisa que la reuni\u00f3n se llev\u00f3 a cabo en febrero de 2012.\u201d Adem\u00e1s el informe se\u00f1ala que el encuentro se realiz\u00f3 en Cabo San Lucas, Baja California; que fue una comida a la que tambi\u00e9n acudi\u00f3 Genaro Garc\u00eda Luna, exsecretario de Seguridad en el sexenio de Felipe Calder\u00f3n y actualmente preso en Estados Unidos por presuntos nexos con el C\u00e1rtel de Sinaloa.<\/p>\n\n\n\n<p>Quien ya le puso el dedo p\u00fablicamente a Cabeza de Vaca, fue el aspirante a la dirigencia nacional de Movimiento de Regeneraci\u00f3n Nacional (Morena), Alejandro Rojas D\u00edaz Dur\u00e1n, quien el pasado 16 de agosto acus\u00f3 al gobernador panista de Tamaulipas de tener v\u00ednculos con el narcotr\u00e1fico en el estado.<\/p>\n\n\n\n<p>A trav\u00e9s de una conferencia virtual, el tambi\u00e9n senador suplente &#8220;ampli\u00f3 parte del contenido de las denuncias que present\u00f3 ante la Fiscal\u00eda General de la Rep\u00fablica (FGR) el pasado 29 de junio donde acus\u00f3 al gobernador por los delitos de delincuencia organizada, lavado de dinero, huachicoleo (robo de combustible), operaciones con recursos de procedencia il\u00edcita, defraudaci\u00f3n fiscal y desv\u00edo de recursos p\u00fablicos&#8221;, detalla una informaci\u00f3n de Milenio.<\/p>\n\n\n\n<p>&#8220;El gobernador de Tamaulipas es cabeza de un narcoestado, he puesto a disposici\u00f3n de la Fiscal\u00eda General de la Rep\u00fablica el resultado de una investigaci\u00f3n profusa, que nos llev\u00f3 a\u00f1o y medio, recopilando pruebas, evidencias y testimonios que confirman la presunci\u00f3n de que el gobernador es la cabeza de un narcoestado&#8221;, se\u00f1al\u00f3.<\/p>\n\n\n\n<p>Otra informaci\u00f3n que circula sobre el gobernador vinculado con la delincuencia organizada, espec\u00edficamente con el C\u00e1rtel del Golfo, es la que tambi\u00e9n dio a conocer el muy portal Infobae, uno de los m\u00e1s influyentes en Am\u00e9rica Latina.<\/p>\n\n\n\n<p>&#8220;El gobernador de Tamaulipas, Francisco Javier Garc\u00eda Cabeza de Vaca, se encuentra en el ojo del hurac\u00e1n. El mandatario estatal emanado del Partido Acci\u00f3n Nacional, es investigado por la Subprocuradur\u00eda Especializada en Investigaci\u00f3n de Delincuencia Organizada (SEIDO), de la Fiscal\u00eda General de la Rep\u00fablica, por presuntas operaciones con recursos il\u00edcitos provenientes del narcotr\u00e1fico&#8221;, detalla la informaci\u00f3n.<\/p>\n\n\n\n<p>Se trata espec\u00edficamente de un se\u00f1alamiento en tiempos de la campa\u00f1a por la gubernatura de Tamaulipas, cuando en enero de 2016 fue detenido H\u00e9ctor Crescencio de Le\u00f3n Fonseca, alias el &#8220;R3&#8221;, l\u00edder del C\u00e1rtel del Golfo, quien acus\u00f3 al hoy mandatario tamaulipeco de recibir pagos de dicho grupo criminal.<\/p>\n\n\n\n<p>De acuerdo a la informaci\u00f3n, el l\u00edder criminal habr\u00eda declarado ante polic\u00edas federales: &#8220;Tengo conocimiento que mi jefe el &#8216;R2&#8217; y\/o el &#8216;To\u00f1\u00edn&#8217;, identificado como Marco Antonio Haro Rodr\u00edguez, le entrega dinero a un pol\u00edtico de nombre Francisco Javier Cabeza de Vaca. Esto lo s\u00e9 porque cuando le entrego el dinero que recojo, \u00e9l me menciona que ese dinero es para el pol\u00edtico Cabeza de Vaca&#8221;.<\/p>\n\n\n\n<p>Detalla Infobae: &#8220;En 2019 aparecieron dos narcomantas que advert\u00edan que Garc\u00eda Cabeza de vaca no cumpli\u00f3 con un presunto acuerdo de permitirle operar al C\u00e1rtel del Gofo en el estado&#8221;. En dichos mensajes &#8211;supuestamente del C\u00e1rtel del Golfo&#8211; acusan al gobernador de recibir 15 millones de pesos para su campa\u00f1a electoral.<\/p>\n\n\n\n<p>Quiz\u00e1s este d\u00eda, Fernandito no ley\u00f3 las noticias o de plano le valen madre, pero aun as\u00ed se arriesg\u00f3 a felicitar al tamaulipeco.<\/p>\n\n\n\n<p>Y es que es tan osado Fernandito, que alguna vez coincidi\u00f3 hasta en un mitote pol\u00edtico al sur de Veracruz con Hern\u00e1n Mart\u00ednez Zavaleta, el &#8220;Comandante H&#8221;, jefe de plaza de los Zetas en el sur de Veracruz, y quien fue capturado en 2017 por fuerzas federales en Villahermosa, Tabasco. Luego, lo desconoci\u00f3 y muchos incautos le creyeron (aj\u00e1).<\/p>\n\n\n\n<p>Lo que no puede negar, es su extra\u00f1a afici\u00f3n a los narcos. Debe ser que se la pasa viendo ese tipo de series en Netflix y as\u00ed.<\/p>\n\n\n\n<p>En una de esas, Fernandito hasta sigue envi\u00e1ndose cartas con sus amigos narco-pesados, nom\u00e1s para no perder el contacto y la &#8220;amist\u00e1&#8221;.<\/p>\n\n\n\n<p><strong>NOTA PARA PEGAR EN EL REFRI:<\/strong> Que en Veracruz (entre otros estados) fue donde detectaron asambleas no v\u00e1lidas por las cuales el Instituto Nacional Electoral (INE) rechaz\u00f3 el registro de Redes Sociales Progresistas como partido pol\u00edtico. De acuerdo a medios nacionales, la resoluci\u00f3n est\u00e1 basada en la anulaci\u00f3n de 9 de 20 asambleas estatales reportadas por aportaciones no identificadas en los estados de Chiapas, Ciudad de M\u00e9xico, Durango, Guerrero, Puebla, Sinaloa, Tabasco, Veracruz y Yucat\u00e1n.<\/p>\n\n\n\n<p><strong>OTRA NOTA: <\/strong>Que all\u00e1 en Pueblo Viejo desde hace un mes arreci\u00f3 el delito de abigeato y es por eso se accionar\u00e1n operativos en zonas focalizadas de las colindancias con San Luis Potos\u00ed y Tamaulipas. Lo anterior lo inform\u00f3 el gobernador Cuitl\u00e1huac Garc\u00eda Jim\u00e9nez, en gira por el extremo norte de la entidad, donde tambi\u00e9n anunci\u00f3 la entrega de 200 microcr\u00e9ditos para reactivar la econom\u00eda en el norte del estado; de igual manera, se reuni\u00f3 con alcaldes y alcaldesas de la Huasteca Alta para tratar el tema de la refinanciaci\u00f3n, mediante una instituci\u00f3n bancaria, que permita a los ayuntamientos abonar a capital por el cr\u00e9dito obtenido en 2008 \u2013que dej\u00f3 empe\u00f1ada la recaudaci\u00f3n por tenencia vehicular\u2013 y no s\u00f3lo pagar los intereses de un pasivo que hoy asciende a mil 400 millones de pesos.<\/p>\n\n\n\n<p><strong>LA \u00daLTIMA PORQUE YA ES VIEEEEERNEEEES: <\/strong>Que el presidente Andr\u00e9s Manuel L\u00f3pez Obrador ya amenaza con hacer otra rifa mamalona como la del Avi\u00f3n Presidencial y en esta ocasi\u00f3n podr\u00edan ser ranchos, aviones, yates, alhajas, bienes, etc., que son decomisados por el Instituto para Devolver al Pueblo lo Robado. En una de esas, hasta puede usted tener la oportunidad de ganarse la mansi\u00f3n de Cascarita.<\/p>\n\n\n\n<p><strong>@pablojair<\/strong><\/p>\n","protected":false},"excerpt":{"rendered":"<p>+ En Veracruz, asambleas no v\u00e1lidas del partido de Elba Esther. + Gira productiva del gober en la Huasteca Alta. + Y viene otra mega-rifa presidencial. Que el Chiquistriquis se enoja que se metan con la mami de su nuevo hermanito&#8230; No entend\u00ed&#8230; &#8211;Chopenjawer Dicen que cuando el r\u00edo suena, piedras trae&#8230; Fernandito quiz\u00e1 no [&hellip;]<\/p>\n","protected":false},"author":1,"featured_media":488,"comment_status":"open","ping_status":"open","sticky":false,"template":"","format":"aside","meta":{"_jetpack_memberships_contains_paid_content":false,"footnotes":""},"categories":[11],"tags":[],"class_list":["post-5946","post","type-post","status-publish","format-aside","has-post-thumbnail","hentry","category-opinion","post_format-post-format-aside"],"jetpack_featured_media_url":"https:\/\/encuentroinformativo.com.mx\/wp-content\/uploads\/2020\/03\/F471F608-BA1A-416B-BA7B-BCFB24F4E6D0.jpeg","jetpack_sharing_enabled":true,"jetpack_likes_enabled":true,"amp_enabled":true,"_links":{"self":[{"href":"https:\/\/encuentroinformativo.com.mx\/index.php?rest_route=\/wp\/v2\/posts\/5946","targetHints":{"allow":["GET"]}}],"collection":[{"href":"https:\/\/encuentroinformativo.com.mx\/index.php?rest_route=\/wp\/v2\/posts"}],"about":[{"href":"https:\/\/encuentroinformativo.com.mx\/index.php?rest_route=\/wp\/v2\/types\/post"}],"author":[{"embeddable":true,"href":"https:\/\/encuentroinformativo.com.mx\/index.php?rest_route=\/wp\/v2\/users\/1"}],"replies":[{"embeddable":true,"href":"https:\/\/encuentroinformativo.com.mx\/index.php?rest_route=%2Fwp%2Fv2%2Fcomments&post=5946"}],"version-history":[{"count":1,"href":"https:\/\/encuentroinformativo.com.mx\/index.php?rest_route=\/wp\/v2\/posts\/5946\/revisions"}],"predecessor-version":[{"id":5947,"href":"https:\/\/encuentroinformativo.com.mx\/index.php?rest_route=\/wp\/v2\/posts\/5946\/revisions\/5947"}],"wp:featuredmedia":[{"embeddable":true,"href":"https:\/\/encuentroinformativo.com.mx\/index.php?rest_route=\/wp\/v2\/media\/488"}],"wp:attachment":[{"href":"https:\/\/encuentroinformativo.com.mx\/index.php?rest_route=%2Fwp%2Fv2%2Fmedia&parent=5946"}],"wp:term":[{"taxonomy":"category","embeddable":true,"href":"https:\/\/encuentroinformativo.com.mx\/index.php?rest_route=%2Fwp%2Fv2%2Fcategories&post=5946"},{"taxonomy":"post_tag","embeddable":true,"href":"https:\/\/encuentroinformativo.com.mx\/index.php?rest_route=%2Fwp%2Fv2%2Ftags&post=5946"}],"curies":[{"name":"wp","href":"https:\/\/api.w.org\/{rel}","templated":true}]}}