{"id":59477,"date":"2024-10-13T13:16:18","date_gmt":"2024-10-13T19:16:18","guid":{"rendered":"https:\/\/encuentroinformativo.com.mx\/?p=59477"},"modified":"2024-10-13T13:16:23","modified_gmt":"2024-10-13T19:16:23","slug":"personajes-que-nos-inspiran","status":"publish","type":"post","link":"https:\/\/encuentroinformativo.com.mx\/?p=59477","title":{"rendered":"Personajes que nos inspiran"},"content":{"rendered":"\n<p><strong>Columna de Opini\u00f3n<\/strong><\/p>\n\n\n\n<p><strong>Zaira Rosas<\/strong><\/p>\n\n\n\n<p>Hoy quiero hablar de un personaje \u00fanico para la historia del periodismo, de Uriel Rosas, a quien tengo la fortuna de llamar pap\u00e1. Quiero hablar de \u00e9l no solo por la admiraci\u00f3n profunda y cari\u00f1o que siento d\u00eda con d\u00eda, sino porque su historia y ejemplo de vida merece un profundo reconocimiento.<\/p>\n\n\n\n<p>Comenz\u00f3 en el periodismo desde temprana edad, realizando un peri\u00f3dico escolar pero llevado a grandes niveles donde con patrocinadores y socios hac\u00eda llegar la primicia a quienes gustaban de las noticias, esta misma pasi\u00f3n que ten\u00eda por informar y escribir, hizo posible que despu\u00e9s se mudara a la Ciudad de M\u00e9xico, donde aprendi\u00f3 de grandes figuras la importancia de la Imagen P\u00fablica y como uno de sus talentos es hacer amigos de inmediato sigui\u00f3 su crecimiento profesional en el peri\u00f3dico El Nacional.<\/p>\n\n\n\n<p>Uno de sus amigos entra\u00f1ables fue el poeta y escritor Jos\u00e9 Mu\u00f1oz Cota, quien incluso le escribi\u00f3 un poema donde le describ\u00eda como un escritor detr\u00e1s de la m\u00e1quina de escribir, quiz\u00e1s de ah\u00ed viene la vena de talento que tanto disfruto en las letras y aunque la trayectoria laboral y profesional de mi padre es amplia, principalmente en el Club de Periodistas de M\u00e9xico, lo que m\u00e1s admiro de \u00e9l no est\u00e1 en el \u00e1mbito laboral.<\/p>\n\n\n\n<p>La labor period\u00edstica de Uriel Rosas es en demas\u00eda conocida en Veracruz y seguramente en grandes lugares de M\u00e9xico, pero lo que pocos saben es su calidad humana, la valent\u00eda con la que lucha ante las adversidades de la vida y el amor que tiene para con los suyos. Para ser justa \u00e9l toma por familia a toda persona que le corresponde con el mismo afecto, llevo 32 a\u00f1os vi\u00e9ndole entregarse a las personas, conducirse por la vida sin avaricia y cargado de empat\u00eda por los dem\u00e1s.<\/p>\n\n\n\n<p>Durante mi vida siempre lo he visto madrugar sin importar la hora a la que despierta, inquieto por naturaleza, repleto de creatividad y donde alguien encuentra un NO el siempre ha estado lleno de posibilidades, siempre ha compartido con otros sus ideas y es de las personas que sin duda sabe el significado total de resiliencia.<\/p>\n\n\n\n<p>Autores como Carol Growth hablan de la mentalidad de crecimiento, esa que toda empresa e instituci\u00f3n educativa deber\u00eda aplicar para generar a personas con apertura, que impulsen el desarrollo, pocas son las personas que la alcanzan pues la mayor\u00eda de seres vive en estado de competencia, queriendo justificar sus fallas, sin embargo estoy segura que mi pap\u00e1 es de esas personas que sabe adaptarse a la vida, lo he visto sobreponerse a todo tipo de giros y cambios de circunstancia y aunque tengo la certeza de que en su actitud mucho tiene que ver la compa\u00f1\u00eda y dupla que hace con mi madre, tambi\u00e9n s\u00e9 que su \u00e1nimo y punto de equilibrio hacen una gran parte.<\/p>\n\n\n\n<p>Mi pap\u00e1 es Libra, naci\u00f3 un 11 de octubre, por lo que siempre busca un equilibrio en el mundo, es noble por naturaleza y tambi\u00e9n muy firme en lo que le llama profundamente la atenci\u00f3n, es entregado a sus pasiones como lo es la lectura de temas pol\u00edticos y an\u00e1lisis sociales, disfruta mucho de ser un coleccionista de distintos detalles como figuras de elefantes en diversos materiales y unas estatuitas de Cantinflas en distintos roles.<\/p>\n\n\n\n<p>Tambi\u00e9n sabe valorar el arte, los trazos finos o delgados de distintos artistas ya sea a brocha o finas caricaturas. Ama conocer el mundo y como mencion\u00e9 antes tiene facilidad para hacer amigos, para \u00e9l adem\u00e1s de su familia de sangre est\u00e1n los lazos entra\u00f1ables de personas con quienes se ha acompa\u00f1ado por a\u00f1os y de igual manera no hay un rinc\u00f3n del mundo donde no pueda entablar nuevas conversaciones y su curiosidad no le lleve a hacer nuevos v\u00ednculos, incluso cuando puede no hablar el mismo idioma el encuentra la forma de preguntar mediante se\u00f1as y hacer notar su val\u00eda.<\/p>\n\n\n\n<p>Hoy escribo llena de cari\u00f1o y admiraci\u00f3n porque fue su cumplea\u00f1os, pero tambi\u00e9n para que m\u00e1s personas sepan que el mundo necesita a seres as\u00ed, personas comprometidas con sus pasiones, que las hagan una forma de vida y as\u00ed puedan inspirar a los dem\u00e1s. Estamos ante tantos cambios que nos invitan a repensar nuestra realidad, nuestros l\u00edderes y las personas a las que queremos seguir, en medio de este panorama mi pap\u00e1 es para mi un super h\u00e9roe de carne y hueso.<\/p>\n","protected":false},"excerpt":{"rendered":"<p>Columna de Opini\u00f3n Zaira Rosas Hoy quiero hablar de un personaje \u00fanico para la historia del periodismo, de Uriel Rosas, a quien tengo la fortuna de llamar pap\u00e1. Quiero hablar de \u00e9l no solo por la admiraci\u00f3n profunda y cari\u00f1o que siento d\u00eda con d\u00eda, sino porque su historia y ejemplo de vida merece un [&hellip;]<\/p>\n","protected":false},"author":2476,"featured_media":387,"comment_status":"open","ping_status":"open","sticky":false,"template":"","format":"standard","meta":{"_jetpack_memberships_contains_paid_content":false,"footnotes":""},"categories":[11],"tags":[],"class_list":["post-59477","post","type-post","status-publish","format-standard","has-post-thumbnail","hentry","category-opinion"],"jetpack_featured_media_url":"https:\/\/encuentroinformativo.com.mx\/wp-content\/uploads\/2020\/03\/7CF8A22B-2764-47BE-8F7F-38FE9E5D6A2F.jpeg","jetpack_sharing_enabled":true,"jetpack_likes_enabled":true,"amp_enabled":true,"_links":{"self":[{"href":"https:\/\/encuentroinformativo.com.mx\/index.php?rest_route=\/wp\/v2\/posts\/59477","targetHints":{"allow":["GET"]}}],"collection":[{"href":"https:\/\/encuentroinformativo.com.mx\/index.php?rest_route=\/wp\/v2\/posts"}],"about":[{"href":"https:\/\/encuentroinformativo.com.mx\/index.php?rest_route=\/wp\/v2\/types\/post"}],"author":[{"embeddable":true,"href":"https:\/\/encuentroinformativo.com.mx\/index.php?rest_route=\/wp\/v2\/users\/2476"}],"replies":[{"embeddable":true,"href":"https:\/\/encuentroinformativo.com.mx\/index.php?rest_route=%2Fwp%2Fv2%2Fcomments&post=59477"}],"version-history":[{"count":1,"href":"https:\/\/encuentroinformativo.com.mx\/index.php?rest_route=\/wp\/v2\/posts\/59477\/revisions"}],"predecessor-version":[{"id":59478,"href":"https:\/\/encuentroinformativo.com.mx\/index.php?rest_route=\/wp\/v2\/posts\/59477\/revisions\/59478"}],"wp:featuredmedia":[{"embeddable":true,"href":"https:\/\/encuentroinformativo.com.mx\/index.php?rest_route=\/wp\/v2\/media\/387"}],"wp:attachment":[{"href":"https:\/\/encuentroinformativo.com.mx\/index.php?rest_route=%2Fwp%2Fv2%2Fmedia&parent=59477"}],"wp:term":[{"taxonomy":"category","embeddable":true,"href":"https:\/\/encuentroinformativo.com.mx\/index.php?rest_route=%2Fwp%2Fv2%2Fcategories&post=59477"},{"taxonomy":"post_tag","embeddable":true,"href":"https:\/\/encuentroinformativo.com.mx\/index.php?rest_route=%2Fwp%2Fv2%2Ftags&post=59477"}],"curies":[{"name":"wp","href":"https:\/\/api.w.org\/{rel}","templated":true}]}}