{"id":59479,"date":"2024-10-13T15:21:05","date_gmt":"2024-10-13T21:21:05","guid":{"rendered":"https:\/\/encuentroinformativo.com.mx\/?p=59479"},"modified":"2024-10-13T15:21:09","modified_gmt":"2024-10-13T21:21:09","slug":"alianza-nacional-de-pueblos-indigenas-entrega-reconocimiento-a-brujo-mayor-de-catemaco","status":"publish","type":"post","link":"https:\/\/encuentroinformativo.com.mx\/?p=59479","title":{"rendered":"Alianza Nacional de Pueblos Ind\u00edgenas entrega reconocimiento a Brujo Mayor de Catemaco"},"content":{"rendered":"\n<p><strong>Alejandro \u00c1vila<\/strong><\/p>\n\n\n\n<p>Catemaco, Ver.- Enrique Martel Berd\u00f3n, conocido como &#8220;El Brujo Mayor&#8221;, recibi\u00f3 un reconocimiento de la Alianza Nacional en Pro de los Pueblos Ind\u00edgenas este 12 de octubre, por su destacada trayectoria como religioso y practicante de culto.<\/p>\n\n\n\n<p>&#8220;Para que la gente sepa un poco de como se trabaja es haci\u00e9ndoles el ejemplo del m\u00e9dico, cada quien va al m\u00e9dico y algunas de estas funciones del tratamiento y otras veces no. La intenci\u00f3n de darle el reconocimiento al Brujo Mayor, yo como te comento es con la intenci\u00f3n de que la gente abra sus ojos o la visi\u00f3n, y se d\u00e9 cuenta que tambi\u00e9n estas pr\u00e1cticas que la gente toma como esot\u00e9ricas, termina siendo una medicina alternativa, que no solamente tal vez te da un apoyo o un sustento para el cuerpo, sino tambi\u00e9n para el esp\u00edritu porque va alimentandolo poco a poco&#8221;, expres\u00f3 Carla Janet Garc\u00eda Nava, vicepresidenta de la Alianza Nacional en Pro de los Pueblos Ind\u00edgenas basada en Usos y Costumbres.<\/p>\n\n\n\n<p>Enrique Martel qui\u00e9n practica el culto desde muy peque\u00f1o y qui\u00e9n fue ascendido a Brujo Mayor desde el 2012, se dijo contento de recibir este galard\u00f3n por parte de una asociaci\u00f3n que prioriza las costumbres mexicanas y que preside Roberto Valerino Troncoso Queb.<\/p>\n\n\n\n<p>&#8220;La verdad es algo satisfactorio porque el hecho de recibir este reconocimiento por parte de una dependencia fuerte, pues es una agrupaci\u00f3n que defiende las costumbres de los pueblos y que mantiene vigente todo lo que son las tradiciones&#8221;, expres\u00f3 Enrique Martel.<\/p>\n\n\n\n<p>El Brujo Mayor mencion\u00f3 que los d\u00edas 1 y 2 de noviembre se tendr\u00e1 un magno evento para conmemorar el D\u00eda de Muertos donde la entrada a su Centro Ceremonial de Catemaco estar\u00e1 disponible para todo el p\u00fablico.<\/p>\n","protected":false},"excerpt":{"rendered":"<p>Alejandro \u00c1vila Catemaco, Ver.- Enrique Martel Berd\u00f3n, conocido como &#8220;El Brujo Mayor&#8221;, recibi\u00f3 un reconocimiento de la Alianza Nacional en Pro de los Pueblos Ind\u00edgenas este 12 de octubre, por su destacada trayectoria como religioso y practicante de culto. &#8220;Para que la gente sepa un poco de como se trabaja es haci\u00e9ndoles el ejemplo del [&hellip;]<\/p>\n","protected":false},"author":2476,"featured_media":59480,"comment_status":"open","ping_status":"open","sticky":false,"template":"","format":"standard","meta":{"_jetpack_memberships_contains_paid_content":false,"footnotes":""},"categories":[2],"tags":[],"class_list":["post-59479","post","type-post","status-publish","format-standard","has-post-thumbnail","hentry","category-estado"],"jetpack_featured_media_url":"https:\/\/encuentroinformativo.com.mx\/wp-content\/uploads\/2024\/10\/IMG-20241013-WA0011.jpg","jetpack_sharing_enabled":true,"jetpack_likes_enabled":true,"amp_enabled":true,"_links":{"self":[{"href":"https:\/\/encuentroinformativo.com.mx\/index.php?rest_route=\/wp\/v2\/posts\/59479","targetHints":{"allow":["GET"]}}],"collection":[{"href":"https:\/\/encuentroinformativo.com.mx\/index.php?rest_route=\/wp\/v2\/posts"}],"about":[{"href":"https:\/\/encuentroinformativo.com.mx\/index.php?rest_route=\/wp\/v2\/types\/post"}],"author":[{"embeddable":true,"href":"https:\/\/encuentroinformativo.com.mx\/index.php?rest_route=\/wp\/v2\/users\/2476"}],"replies":[{"embeddable":true,"href":"https:\/\/encuentroinformativo.com.mx\/index.php?rest_route=%2Fwp%2Fv2%2Fcomments&post=59479"}],"version-history":[{"count":1,"href":"https:\/\/encuentroinformativo.com.mx\/index.php?rest_route=\/wp\/v2\/posts\/59479\/revisions"}],"predecessor-version":[{"id":59481,"href":"https:\/\/encuentroinformativo.com.mx\/index.php?rest_route=\/wp\/v2\/posts\/59479\/revisions\/59481"}],"wp:featuredmedia":[{"embeddable":true,"href":"https:\/\/encuentroinformativo.com.mx\/index.php?rest_route=\/wp\/v2\/media\/59480"}],"wp:attachment":[{"href":"https:\/\/encuentroinformativo.com.mx\/index.php?rest_route=%2Fwp%2Fv2%2Fmedia&parent=59479"}],"wp:term":[{"taxonomy":"category","embeddable":true,"href":"https:\/\/encuentroinformativo.com.mx\/index.php?rest_route=%2Fwp%2Fv2%2Fcategories&post=59479"},{"taxonomy":"post_tag","embeddable":true,"href":"https:\/\/encuentroinformativo.com.mx\/index.php?rest_route=%2Fwp%2Fv2%2Ftags&post=59479"}],"curies":[{"name":"wp","href":"https:\/\/api.w.org\/{rel}","templated":true}]}}