{"id":59485,"date":"2024-10-14T10:08:38","date_gmt":"2024-10-14T16:08:38","guid":{"rendered":"https:\/\/encuentroinformativo.com.mx\/?p=59485"},"modified":"2024-10-14T10:08:43","modified_gmt":"2024-10-14T16:08:43","slug":"alista-ssp-operativo-por-el-dia-de-muertos","status":"publish","type":"post","link":"https:\/\/encuentroinformativo.com.mx\/?p=59485","title":{"rendered":"Alista SSP operativo por el D\u00eda de muertos"},"content":{"rendered":"\n<p>Xalapa, Ver.- El Secretario de Seguridad P\u00fablica (SSP), Cap. Cuauht\u00e9moc Z\u00fa\u00f1iga Bonilla adelant\u00f3 que ya est\u00e1 listo el despliegue especial con motivo de las festividades de Todos Santos, el cual iniciar\u00e1 durante la \u00faltima semana de este mes.<\/p>\n\n\n\n<p>Al respecto dijo que iniciar\u00e1n en Perote, durante el evento de altares que se llevar\u00e1 a cabo en la Fortaleza de San Carlos y se replicar\u00e1 en los 212 municipios.<\/p>\n\n\n\n<p>El funcionario estatal precis\u00f3 que oficiales de Polic\u00eda Estatal y de las Direcciones e Tr\u00e1nsito y Transporte, participar\u00e1n en las acciones, garantizando la tranquilidad de las familias.<\/p>\n\n\n\n<p>\u201cVamos a implementar un dispositivo para que los festejos de todos santos y dia de muertos se lleven a cabo con tranquilidad y en orden\u201d.<\/p>\n\n\n\n<p>Se\u00f1al\u00f3 que sumado a lo anterior, tienen contemplado resguardar el desfile de catrinas, el pr\u00f3ximo 31 de octubre.<\/p>\n\n\n\n<p>Finalmente, vigilar\u00e1n los cementerios y sitios donde los ciudadanos acuden a visitar a sus fieles difuntos para preservar el orden durante los d\u00edas 1 y 2 de noviembre pr\u00f3ximos.<\/p>\n","protected":false},"excerpt":{"rendered":"<p>Xalapa, Ver.- El Secretario de Seguridad P\u00fablica (SSP), Cap. Cuauht\u00e9moc Z\u00fa\u00f1iga Bonilla adelant\u00f3 que ya est\u00e1 listo el despliegue especial con motivo de las festividades de Todos Santos, el cual iniciar\u00e1 durante la \u00faltima semana de este mes. Al respecto dijo que iniciar\u00e1n en Perote, durante el evento de altares que se llevar\u00e1 a cabo [&hellip;]<\/p>\n","protected":false},"author":2476,"featured_media":59486,"comment_status":"open","ping_status":"open","sticky":false,"template":"","format":"standard","meta":{"_jetpack_memberships_contains_paid_content":false,"footnotes":""},"categories":[2],"tags":[],"class_list":["post-59485","post","type-post","status-publish","format-standard","has-post-thumbnail","hentry","category-estado"],"jetpack_featured_media_url":"https:\/\/encuentroinformativo.com.mx\/wp-content\/uploads\/2024\/10\/IMG-20241014-WA0003.jpg","jetpack_sharing_enabled":true,"jetpack_likes_enabled":true,"amp_enabled":true,"_links":{"self":[{"href":"https:\/\/encuentroinformativo.com.mx\/index.php?rest_route=\/wp\/v2\/posts\/59485","targetHints":{"allow":["GET"]}}],"collection":[{"href":"https:\/\/encuentroinformativo.com.mx\/index.php?rest_route=\/wp\/v2\/posts"}],"about":[{"href":"https:\/\/encuentroinformativo.com.mx\/index.php?rest_route=\/wp\/v2\/types\/post"}],"author":[{"embeddable":true,"href":"https:\/\/encuentroinformativo.com.mx\/index.php?rest_route=\/wp\/v2\/users\/2476"}],"replies":[{"embeddable":true,"href":"https:\/\/encuentroinformativo.com.mx\/index.php?rest_route=%2Fwp%2Fv2%2Fcomments&post=59485"}],"version-history":[{"count":1,"href":"https:\/\/encuentroinformativo.com.mx\/index.php?rest_route=\/wp\/v2\/posts\/59485\/revisions"}],"predecessor-version":[{"id":59487,"href":"https:\/\/encuentroinformativo.com.mx\/index.php?rest_route=\/wp\/v2\/posts\/59485\/revisions\/59487"}],"wp:featuredmedia":[{"embeddable":true,"href":"https:\/\/encuentroinformativo.com.mx\/index.php?rest_route=\/wp\/v2\/media\/59486"}],"wp:attachment":[{"href":"https:\/\/encuentroinformativo.com.mx\/index.php?rest_route=%2Fwp%2Fv2%2Fmedia&parent=59485"}],"wp:term":[{"taxonomy":"category","embeddable":true,"href":"https:\/\/encuentroinformativo.com.mx\/index.php?rest_route=%2Fwp%2Fv2%2Fcategories&post=59485"},{"taxonomy":"post_tag","embeddable":true,"href":"https:\/\/encuentroinformativo.com.mx\/index.php?rest_route=%2Fwp%2Fv2%2Ftags&post=59485"}],"curies":[{"name":"wp","href":"https:\/\/api.w.org\/{rel}","templated":true}]}}