{"id":59488,"date":"2024-10-14T11:41:58","date_gmt":"2024-10-14T17:41:58","guid":{"rendered":"https:\/\/encuentroinformativo.com.mx\/?p=59488"},"modified":"2024-10-14T11:42:03","modified_gmt":"2024-10-14T17:42:03","slug":"denuncian-ambientalistas-extraccion-ilegal-en-coatepec","status":"publish","type":"post","link":"https:\/\/encuentroinformativo.com.mx\/?p=59488","title":{"rendered":"Denuncian ambientalistas extracci\u00f3n ilegal en Coatepec"},"content":{"rendered":"\n<p><strong>Dar\u00edo Pale <\/strong><\/p>\n\n\n\n<p>Xalapa, Ver.- Denuncian que en comunidades de Coatepec se lleva a cabo la extracci\u00f3n ilegal de materiales p\u00e9treos en un \u00e1rea natural protegida, y hay omisi\u00f3n para frenar explotaci\u00f3n ilegal de minas de arena en Coatepec, as\u00ed lo dieron a conocer los Integrantes de La Asamblea Veracruzana de Iniciativas y Defensa Ambiental (LAVIDA).<\/p>\n\n\n\n<p>En conferencia de prensa denunciaron la \u201ccorrupci\u00f3n\u201d que prevalece en la extracci\u00f3n de materiales p\u00e9treos y que afecta las comunidades de La Laguna, Las lomas y La Ordu\u00f1a en Coatepec, adem\u00e1s de da\u00f1os en el Archipi\u00e9lago de Bosques y Selvas de Xalapa.<\/p>\n\n\n\n<p>Al respecto, Rosalba Rodr\u00edguez Colorado, indic\u00f3 que desde el 2001 se realiza la extracci\u00f3n de arena en esa zona y que ha puesto en riesgo dos manantiales y la deforestaci\u00f3n en un \u00e1rea natural protegida.<\/p>\n\n\n\n<p>Abund\u00f3 que la extracci\u00f3n de arena en un predio particular empez\u00f3 en el 2001 y aunque se detuvo por alg\u00fan tiempo, en el 2015 se volvi\u00f3 a reabrir y hubo nuevamente una clausura, sin embargo las labores contin\u00faan a pesar de que esta situaci\u00f3n ya se ha denunciado ante las autoridades competentes como la Secretar\u00eda de Medio Ambiente (Sedema) y la Procuradur\u00eda del Medio Ambiente (PMA), quienes han hecho caso omiso.<br>Y es que asegur\u00f3 que de acuerdo a las autoridades no hay permisos para realizar esta actividad, no obstante tampoco hay sanciones ni clausuras definitivas.<\/p>\n\n\n\n<p>\u201cYa hemos metido oficios y la autoridad dice que no hay permisos y se han detenido pero lo hacen por las noches, no sabemos que procede. Ya nos hemos manifestado, pero hacen caso omiso a nuestras peticiones, ha bajado el nivel del agua de estos manantiales y se ven afectadas unas 3 mil familias\u201d, coment\u00f3.<\/p>\n\n\n\n<p>Por su parte, Emilio Rodr\u00edguez, precis\u00f3 que existe corrupci\u00f3n por parte de los tres niveles de gobierno, pues aunque el particular carece de permisos, desde el 2001 hay extracci\u00f3n de estos arenales afectando el \u00e1rea natural protegida.<\/p>\n\n\n\n<p>Agreg\u00f3 que adem\u00e1s hay una serie de proyectos que implican a la zona de Coatepec y Xalapa, una proyecci\u00f3n urbana que va a hacia esa regi\u00f3n y est\u00e1 involucrado el trazo del Libramiento, por lo que reiter\u00f3 que hay intereses que protegen a estos particulares.<\/p>\n\n\n\n<p>Asimismo, lament\u00f3 que en esta zona han crecido como \u201clevadura\u201d los crecimientos, pues ya son 8 y las autoridades siguen repartiendo ese territorio.\u00a0\u201cLa extracci\u00f3n de esta mina de arena est\u00e1 generando desabasto de agua en las comunidades, hay tala de \u00e1rboles, p\u00e9rdida de cobertura vegetal y es una zona de bosque mes\u00f3filo donde hay especies end\u00e9micas y protegidas y es responsabilidad de las autoridades clausurar esos arenales\u201d, se\u00f1al\u00f3.<\/p>\n\n\n\n<p>&#8220;Estamos en la lucha del resguardo de nuestros nacimientos, estos arenales son los que nos est\u00e1n afectando (&#8230;) suben y bajan muchos volteos, ahorita se han detenido pero hacen la extracci\u00f3n por las noches, tenemos fotos&#8221;, dijo uno de los activistas.<\/p>\n\n\n\n<p>Los miembros de LAVIDA acusaron al gobierno municipal de Coatepec de proteger los intereses econ\u00f3micos de quienes realizan la extracci\u00f3n ilegal, mientras que la Procuradur\u00eda Estatal del Medio Ambiente es omisa a la devastaci\u00f3n provocada por la miner\u00eda pese a las clausuras que se realizaron en 2019 y 2023.<\/p>\n\n\n\n<p>&#8220;La Secretar\u00eda de Medio Ambiente solapa los intereses que embisten el Archipi\u00e9lago de Bosques y Selvas de la Regi\u00f3n Capital del Estado de Veracruz&#8221;, denunciaron.<\/p>\n\n\n\n<p>Finalmente exigieron el cierre definitivo de las minas de arena que da\u00f1an el territorio, &#8220;con sus proyectos econ\u00f3micos el gobierno y su secretar\u00eda encabezan la depredaci\u00f3n y dilatan los procedimientos administrativos&#8221;.<\/p>\n","protected":false},"excerpt":{"rendered":"<p>Dar\u00edo Pale Xalapa, Ver.- Denuncian que en comunidades de Coatepec se lleva a cabo la extracci\u00f3n ilegal de materiales p\u00e9treos en un \u00e1rea natural protegida, y hay omisi\u00f3n para frenar explotaci\u00f3n ilegal de minas de arena en Coatepec, as\u00ed lo dieron a conocer los Integrantes de La Asamblea Veracruzana de Iniciativas y Defensa Ambiental (LAVIDA). [&hellip;]<\/p>\n","protected":false},"author":2476,"featured_media":59489,"comment_status":"open","ping_status":"open","sticky":false,"template":"","format":"standard","meta":{"_jetpack_memberships_contains_paid_content":false,"footnotes":""},"categories":[8],"tags":[],"class_list":["post-59488","post","type-post","status-publish","format-standard","has-post-thumbnail","hentry","category-region"],"jetpack_featured_media_url":"https:\/\/encuentroinformativo.com.mx\/wp-content\/uploads\/2024\/10\/IMG-20241014-WA00102.jpg","jetpack_sharing_enabled":true,"jetpack_likes_enabled":true,"amp_enabled":true,"_links":{"self":[{"href":"https:\/\/encuentroinformativo.com.mx\/index.php?rest_route=\/wp\/v2\/posts\/59488","targetHints":{"allow":["GET"]}}],"collection":[{"href":"https:\/\/encuentroinformativo.com.mx\/index.php?rest_route=\/wp\/v2\/posts"}],"about":[{"href":"https:\/\/encuentroinformativo.com.mx\/index.php?rest_route=\/wp\/v2\/types\/post"}],"author":[{"embeddable":true,"href":"https:\/\/encuentroinformativo.com.mx\/index.php?rest_route=\/wp\/v2\/users\/2476"}],"replies":[{"embeddable":true,"href":"https:\/\/encuentroinformativo.com.mx\/index.php?rest_route=%2Fwp%2Fv2%2Fcomments&post=59488"}],"version-history":[{"count":1,"href":"https:\/\/encuentroinformativo.com.mx\/index.php?rest_route=\/wp\/v2\/posts\/59488\/revisions"}],"predecessor-version":[{"id":59490,"href":"https:\/\/encuentroinformativo.com.mx\/index.php?rest_route=\/wp\/v2\/posts\/59488\/revisions\/59490"}],"wp:featuredmedia":[{"embeddable":true,"href":"https:\/\/encuentroinformativo.com.mx\/index.php?rest_route=\/wp\/v2\/media\/59489"}],"wp:attachment":[{"href":"https:\/\/encuentroinformativo.com.mx\/index.php?rest_route=%2Fwp%2Fv2%2Fmedia&parent=59488"}],"wp:term":[{"taxonomy":"category","embeddable":true,"href":"https:\/\/encuentroinformativo.com.mx\/index.php?rest_route=%2Fwp%2Fv2%2Fcategories&post=59488"},{"taxonomy":"post_tag","embeddable":true,"href":"https:\/\/encuentroinformativo.com.mx\/index.php?rest_route=%2Fwp%2Fv2%2Ftags&post=59488"}],"curies":[{"name":"wp","href":"https:\/\/api.w.org\/{rel}","templated":true}]}}