{"id":5949,"date":"2020-09-18T11:10:07","date_gmt":"2020-09-18T16:10:07","guid":{"rendered":"https:\/\/encuentroinformativo.com.mx\/?p=5949"},"modified":"2020-09-18T11:10:10","modified_gmt":"2020-09-18T16:10:10","slug":"orgullo-xalapeno-decepcion-xalapena","status":"publish","type":"post","link":"https:\/\/encuentroinformativo.com.mx\/?p=5949","title":{"rendered":"Orgullo xalape\u00f1o; decepci\u00f3n xalape\u00f1a"},"content":{"rendered":"\n<p><strong>Los Pol\u00edticos<\/strong><\/p>\n\n\n\n<p><strong>Salvador Mu\u00f1oz<\/strong><\/p>\n\n\n\n<p>Es seguro que cualquier ciudadano, oriundo de cualquiera de los 212 municipios que conforman Veracruz, se ha de sentir orgulloso de su tierra, de su ra\u00edz y tambi\u00e9n, por ser veracruzano. Bueno, casi todos\u2026 en la Pluviosilla, conoc\u00ed a personas que en lugar de decir que eran de R\u00edo Blanco, Ciudad Mendoza o Nogales, optaban por citar que eran de Orizaba. Quiz\u00e1s la raz\u00f3n para tal aseveraci\u00f3n era muy simple: hacer una ubicaci\u00f3n m\u00e1s precisa al interlocutor y no tanto porque alguien se apene de decir \u201csoy de tal ciudad o tal comunidad o tal pueblito\u201d. Hablamos pues, de un sentir de identidad.<\/p>\n\n\n\n<p>Este sentimiento surge cuando salimos de la entidad o el pa\u00eds, y nos encontramos con alg\u00fan paisano o hasta un anuncio, espectacular o comercial, m\u00fasica o similar que nos lleve de regreso en mil\u00e9simas de segundo, a esa ciudad, pueblo, calle, hogar, amigos\u2026<\/p>\n\n\n\n<p>La transformaci\u00f3n que sufri\u00f3 Orizaba en una docena de a\u00f1os m\u00e1s o menos, vino a darle al nativo de la Ciudad de las Aguas Alegres, una especie de \u201cconfirmaci\u00f3n\u201d de ese orgullo nato por ser de donde es\u2026 \u00a1vamos! hasta los que salimos de la Pluviosilla y hemos visto la Transformaci\u00f3n de la ciudad, tenemos un Plus cuando hablamos de Orizaba.<\/p>\n\n\n\n<p>En Xalapa, si bien sobra orgullo al nativo y al adoptado (que dicho sea de paso, somos muchos), hay como un desencanto que si bien, en descargo del gris y deprimente trabajo del alcalde Hip\u00f3lito Rodr\u00edguez Herrero, justo hay que reconocer que uno de los puntos que trajo la debacle de la Atenas Veracruzana fue sin duda el retiro del Hay Xalapa, all\u00e1 por el 2015, y curiosamente, no por la actuaci\u00f3n del alcalde Am\u00e9rico Z\u00fa\u00f1iga Mart\u00ednez, sino por la ausencia de acci\u00f3n o inter\u00e9s del Gobierno del Estado para luchar por mantener este Festival en el coraz\u00f3n de Veracruz\u2026 la ola de inseguridad en la entidad que tuvo su punto m\u00e1s \u00e1lgido con el asesinato del periodista Mois\u00e9s S\u00e1nchez, fue el detonante para que los ojos internacionales pusieran la mira sobre Veracruz y una forma de protestar fue retirando el Hay Xalapa.<\/p>\n\n\n\n<p>Con Miguel \u00c1ngel Yunes Linares las cosas no cambiaron mucho, porque al igual que su tocayo, Alem\u00e1n Velasco, les ganaba la zona conurbada de Veracruz, lo que hac\u00eda que muchas de las veces, Boca del R\u00edo o el Puerto, parecieran capital pol\u00edtica, haciendo a un lado a Xalapa.<\/p>\n\n\n\n<p>Al parecer, tras el golpe cultural del Hay Xalapa, la Atenas Veracruzana ya no pudo levantarse y cuando lleg\u00f3 un acad\u00e9mico a tomar las riendas de la Capital, se pens\u00f3 el mejor de los escenarios, pero pronto lo vino a echar abajo cuando de sus primeras entrevistas, dijo que en Xalapa no hab\u00eda capacidad para armar su equipo administrativo\u2026 y de all\u00ed, nom\u00e1s no levanta la Atenas.<\/p>\n\n\n\n<p>Por diciembre del a\u00f1o pasado, surgi\u00f3 un movimiento llamado Recupera la Atenas, conformado por un grupo de j\u00f3venes cuyas l\u00edneas de acci\u00f3n en Cultura, Desarrollo Econ\u00f3mico, Medio Ambiente y Buena Ciudadan\u00eda, sufrieron un colapso con la llegada del Coronavirus\u2026 no obstante, ellos s\u00ed se recuperaron y poco a poco, han vuelto a darle vida a sus l\u00edneas trazadas aprovechando las herramientas tecnol\u00f3gicas que van desde youtube, zoom, whatsapp y facebook.<\/p>\n\n\n\n<p>El motivo de Recupera la Atenas se basa en una idea simple, que permea en muchos xalape\u00f1os, tanto de nacimiento como adoptados, pero que no rebasa en la queja: Pasar del Hartazgo a las Propuestas y de \u00e9stas, a la Acci\u00f3n, en aras de vencer a un enemigo que poco a poco se apodera del ateniense: apat\u00eda, aunque igual hay que agregar dos m\u00e1s: el enojo y la ignorancia, no viendo esta \u00faltima como ausencia de conocimiento, sino por la desidia de no adquirirlo, porque herramientas para ello, hay.<\/p>\n\n\n\n<p>Agust\u00edn Arcos, xalape\u00f1o de cepa, es quien junto con otros j\u00f3venes, se han echado a hombros, la dif\u00edcil tarea que implica el nombre de su movimiento social: Recupera la Atenas\u2026 es cierto, dentro de cada xalape\u00f1o hay orgullo por esta ciudad tan generosa, y eso no se pierde, como tampoco la decepci\u00f3n que autoridades, estatales y municipales, presentes y recientes, han sembrado en el coraz\u00f3n del xalape\u00f1o&#8230;<\/p>\n\n\n\n<p><a href=\"mailto:smcainito@gmail.com\" target=\"_blank\" rel=\"noreferrer noopener\">smcainito@gmail.com<\/a><\/p>\n","protected":false},"excerpt":{"rendered":"<p>Los Pol\u00edticos Salvador Mu\u00f1oz Es seguro que cualquier ciudadano, oriundo de cualquiera de los 212 municipios que conforman Veracruz, se ha de sentir orgulloso de su tierra, de su ra\u00edz y tambi\u00e9n, por ser veracruzano. Bueno, casi todos\u2026 en la Pluviosilla, conoc\u00ed a personas que en lugar de decir que eran de R\u00edo Blanco, Ciudad [&hellip;]<\/p>\n","protected":false},"author":1,"featured_media":387,"comment_status":"open","ping_status":"open","sticky":false,"template":"","format":"aside","meta":{"_jetpack_memberships_contains_paid_content":false,"footnotes":""},"categories":[11],"tags":[],"class_list":["post-5949","post","type-post","status-publish","format-aside","has-post-thumbnail","hentry","category-opinion","post_format-post-format-aside"],"jetpack_featured_media_url":"https:\/\/encuentroinformativo.com.mx\/wp-content\/uploads\/2020\/03\/7CF8A22B-2764-47BE-8F7F-38FE9E5D6A2F.jpeg","jetpack_sharing_enabled":true,"jetpack_likes_enabled":true,"amp_enabled":true,"_links":{"self":[{"href":"https:\/\/encuentroinformativo.com.mx\/index.php?rest_route=\/wp\/v2\/posts\/5949","targetHints":{"allow":["GET"]}}],"collection":[{"href":"https:\/\/encuentroinformativo.com.mx\/index.php?rest_route=\/wp\/v2\/posts"}],"about":[{"href":"https:\/\/encuentroinformativo.com.mx\/index.php?rest_route=\/wp\/v2\/types\/post"}],"author":[{"embeddable":true,"href":"https:\/\/encuentroinformativo.com.mx\/index.php?rest_route=\/wp\/v2\/users\/1"}],"replies":[{"embeddable":true,"href":"https:\/\/encuentroinformativo.com.mx\/index.php?rest_route=%2Fwp%2Fv2%2Fcomments&post=5949"}],"version-history":[{"count":1,"href":"https:\/\/encuentroinformativo.com.mx\/index.php?rest_route=\/wp\/v2\/posts\/5949\/revisions"}],"predecessor-version":[{"id":5950,"href":"https:\/\/encuentroinformativo.com.mx\/index.php?rest_route=\/wp\/v2\/posts\/5949\/revisions\/5950"}],"wp:featuredmedia":[{"embeddable":true,"href":"https:\/\/encuentroinformativo.com.mx\/index.php?rest_route=\/wp\/v2\/media\/387"}],"wp:attachment":[{"href":"https:\/\/encuentroinformativo.com.mx\/index.php?rest_route=%2Fwp%2Fv2%2Fmedia&parent=5949"}],"wp:term":[{"taxonomy":"category","embeddable":true,"href":"https:\/\/encuentroinformativo.com.mx\/index.php?rest_route=%2Fwp%2Fv2%2Fcategories&post=5949"},{"taxonomy":"post_tag","embeddable":true,"href":"https:\/\/encuentroinformativo.com.mx\/index.php?rest_route=%2Fwp%2Fv2%2Ftags&post=5949"}],"curies":[{"name":"wp","href":"https:\/\/api.w.org\/{rel}","templated":true}]}}