{"id":59491,"date":"2024-10-14T11:49:24","date_gmt":"2024-10-14T17:49:24","guid":{"rendered":"https:\/\/encuentroinformativo.com.mx\/?p=59491"},"modified":"2024-10-14T11:49:29","modified_gmt":"2024-10-14T17:49:29","slug":"anuncia-paseo-de-catrinas-en-xalapa","status":"publish","type":"post","link":"https:\/\/encuentroinformativo.com.mx\/?p=59491","title":{"rendered":"Anuncia Paseo de Catrinas en Xalapa"},"content":{"rendered":"\n<p><strong>Dar\u00edo Pale <\/strong><\/p>\n\n\n\n<p>Xalapa, Ver.- Dan a conocer la octava edici\u00f3n del tradicional \u201cPaseo de Catrinas Xalapa\u201d, misma que se efectuar\u00e1 el pr\u00f3ximo 19 de octubre en punto de las 18:00 horas, as\u00ed lo dio a conocer Leonardo Ruiz Coordinador de \u201cSumando Voluntades Xalapa\u201d.<\/p>\n\n\n\n<p>En conferencia de prensa, indic\u00f3 que se espera la participaci\u00f3n de m\u00e1s de 8 mil personas\u00a0 provenientes de la regi\u00f3n de Xalapa, C\u00f3rdoba, puerto de Veracruz, Perote, Coatepec y Altotonga.<\/p>\n\n\n\n<p>Y es que dijo que este evento ser\u00e1 un parteaguas para que el pr\u00f3ximo a\u00f1o se busque el r\u00e9cord Guiness de Catrinas y Catrines.<\/p>\n\n\n\n<p>Agreg\u00f3 que este evento es cien por ciento ciudadano, y se podr\u00e1n observar comparsas, ballets y una gran variedad de catrinas y catrines.<\/p>\n\n\n\n<p>\u201cDurante 8 a\u00f1os la ciudadan\u00eda viene trabajando en posicionarlo como de los mejores eventos del a\u00f1o. Es un evento de cultura y tradici\u00f3n y trabajo de la gente, es visibilizar a los ballets, escuelas y marching bands\u201d, se\u00f1al\u00f3.<\/p>\n\n\n\n<p>Finalmente, precis\u00f3 que se cerrar\u00e1n vialidades una hora antes del evento, el cual iniciar\u00e1 en bajos del puente de la Juventud en el circuito Presidentes y es un trayecto de 2.5 kil\u00f3metros que culminar\u00e1 en el Vel\u00f3dromo.<\/p>\n","protected":false},"excerpt":{"rendered":"<p>Dar\u00edo Pale Xalapa, Ver.- Dan a conocer la octava edici\u00f3n del tradicional \u201cPaseo de Catrinas Xalapa\u201d, misma que se efectuar\u00e1 el pr\u00f3ximo 19 de octubre en punto de las 18:00 horas, as\u00ed lo dio a conocer Leonardo Ruiz Coordinador de \u201cSumando Voluntades Xalapa\u201d. En conferencia de prensa, indic\u00f3 que se espera la participaci\u00f3n de m\u00e1s [&hellip;]<\/p>\n","protected":false},"author":2476,"featured_media":59492,"comment_status":"open","ping_status":"open","sticky":false,"template":"","format":"standard","meta":{"_jetpack_memberships_contains_paid_content":false,"footnotes":""},"categories":[3],"tags":[],"class_list":["post-59491","post","type-post","status-publish","format-standard","has-post-thumbnail","hentry","category-xalapa"],"jetpack_featured_media_url":"https:\/\/encuentroinformativo.com.mx\/wp-content\/uploads\/2024\/10\/IMG-20241014-WA0053.jpg","jetpack_sharing_enabled":true,"jetpack_likes_enabled":true,"amp_enabled":true,"_links":{"self":[{"href":"https:\/\/encuentroinformativo.com.mx\/index.php?rest_route=\/wp\/v2\/posts\/59491","targetHints":{"allow":["GET"]}}],"collection":[{"href":"https:\/\/encuentroinformativo.com.mx\/index.php?rest_route=\/wp\/v2\/posts"}],"about":[{"href":"https:\/\/encuentroinformativo.com.mx\/index.php?rest_route=\/wp\/v2\/types\/post"}],"author":[{"embeddable":true,"href":"https:\/\/encuentroinformativo.com.mx\/index.php?rest_route=\/wp\/v2\/users\/2476"}],"replies":[{"embeddable":true,"href":"https:\/\/encuentroinformativo.com.mx\/index.php?rest_route=%2Fwp%2Fv2%2Fcomments&post=59491"}],"version-history":[{"count":1,"href":"https:\/\/encuentroinformativo.com.mx\/index.php?rest_route=\/wp\/v2\/posts\/59491\/revisions"}],"predecessor-version":[{"id":59493,"href":"https:\/\/encuentroinformativo.com.mx\/index.php?rest_route=\/wp\/v2\/posts\/59491\/revisions\/59493"}],"wp:featuredmedia":[{"embeddable":true,"href":"https:\/\/encuentroinformativo.com.mx\/index.php?rest_route=\/wp\/v2\/media\/59492"}],"wp:attachment":[{"href":"https:\/\/encuentroinformativo.com.mx\/index.php?rest_route=%2Fwp%2Fv2%2Fmedia&parent=59491"}],"wp:term":[{"taxonomy":"category","embeddable":true,"href":"https:\/\/encuentroinformativo.com.mx\/index.php?rest_route=%2Fwp%2Fv2%2Fcategories&post=59491"},{"taxonomy":"post_tag","embeddable":true,"href":"https:\/\/encuentroinformativo.com.mx\/index.php?rest_route=%2Fwp%2Fv2%2Ftags&post=59491"}],"curies":[{"name":"wp","href":"https:\/\/api.w.org\/{rel}","templated":true}]}}