{"id":59503,"date":"2024-10-14T13:10:40","date_gmt":"2024-10-14T19:10:40","guid":{"rendered":"https:\/\/encuentroinformativo.com.mx\/?p=59503"},"modified":"2024-10-14T13:10:46","modified_gmt":"2024-10-14T19:10:46","slug":"alvaradenos-repudian-en-redes-sociales-pleito-en-cabalgata","status":"publish","type":"post","link":"https:\/\/encuentroinformativo.com.mx\/?p=59503","title":{"rendered":"Alvarade\u00f1os repudian en redes sociales pleito en cabalgata"},"content":{"rendered":"\n<p><strong>Alejandro \u00c1vila<\/strong><\/p>\n\n\n\n<p>Alvarado, Ver.- Cientos de alvarade\u00f1os repudiaron y criticaron el pleito que se dio la noche de este domingo durante la cabalgata realizada durante los festejos en honor a la Virgen del Rosario.<\/p>\n\n\n\n<p>Los gritos y jaloneos previo al evento se suscitaron alrededor de las 7 de la noche cuando personal de la direcci\u00f3n de Limpia P\u00fablica y Protecci\u00f3n Civil del Ayuntamiento de Alvarado evitaba que la cuadra Ingobernables pudiera participar en el evento.<\/p>\n\n\n\n<p>Momentos m\u00e1s tarde tras empujones y conatos de bronca fue la propia ciudad\u00eda de Alvarado la que quit\u00f3 a los empleados municipales y dej\u00f3 que la cuadra participara en el evento como cada a\u00f1o lo hace.<\/p>\n\n\n\n<p>En redes sociales los alvarade\u00f1os acusaron a la alcaldesa Lizzete \u00c1lvarez Vera de intentar negarles la participaci\u00f3n a la cuadra Ingobernables, la cual es de todos conocido, es patrocinada por el ex alcalde, Bogar Ruiz Rosas; por lo cual exigieron a la presidenta municipal que sus diferencias pol\u00edticas la resuelvan de otra manera y no afectando las fiestas en honor a la Virgen del Rosario.<\/p>\n","protected":false},"excerpt":{"rendered":"<p>Alejandro \u00c1vila Alvarado, Ver.- Cientos de alvarade\u00f1os repudiaron y criticaron el pleito que se dio la noche de este domingo durante la cabalgata realizada durante los festejos en honor a la Virgen del Rosario. Los gritos y jaloneos previo al evento se suscitaron alrededor de las 7 de la noche cuando personal de la direcci\u00f3n [&hellip;]<\/p>\n","protected":false},"author":2476,"featured_media":59504,"comment_status":"open","ping_status":"open","sticky":false,"template":"","format":"standard","meta":{"_jetpack_memberships_contains_paid_content":false,"footnotes":""},"categories":[2],"tags":[],"class_list":["post-59503","post","type-post","status-publish","format-standard","has-post-thumbnail","hentry","category-estado"],"jetpack_featured_media_url":"https:\/\/encuentroinformativo.com.mx\/wp-content\/uploads\/2024\/10\/IMG-20241014-WA0073.jpg","jetpack_sharing_enabled":true,"jetpack_likes_enabled":true,"amp_enabled":true,"_links":{"self":[{"href":"https:\/\/encuentroinformativo.com.mx\/index.php?rest_route=\/wp\/v2\/posts\/59503","targetHints":{"allow":["GET"]}}],"collection":[{"href":"https:\/\/encuentroinformativo.com.mx\/index.php?rest_route=\/wp\/v2\/posts"}],"about":[{"href":"https:\/\/encuentroinformativo.com.mx\/index.php?rest_route=\/wp\/v2\/types\/post"}],"author":[{"embeddable":true,"href":"https:\/\/encuentroinformativo.com.mx\/index.php?rest_route=\/wp\/v2\/users\/2476"}],"replies":[{"embeddable":true,"href":"https:\/\/encuentroinformativo.com.mx\/index.php?rest_route=%2Fwp%2Fv2%2Fcomments&post=59503"}],"version-history":[{"count":1,"href":"https:\/\/encuentroinformativo.com.mx\/index.php?rest_route=\/wp\/v2\/posts\/59503\/revisions"}],"predecessor-version":[{"id":59505,"href":"https:\/\/encuentroinformativo.com.mx\/index.php?rest_route=\/wp\/v2\/posts\/59503\/revisions\/59505"}],"wp:featuredmedia":[{"embeddable":true,"href":"https:\/\/encuentroinformativo.com.mx\/index.php?rest_route=\/wp\/v2\/media\/59504"}],"wp:attachment":[{"href":"https:\/\/encuentroinformativo.com.mx\/index.php?rest_route=%2Fwp%2Fv2%2Fmedia&parent=59503"}],"wp:term":[{"taxonomy":"category","embeddable":true,"href":"https:\/\/encuentroinformativo.com.mx\/index.php?rest_route=%2Fwp%2Fv2%2Fcategories&post=59503"},{"taxonomy":"post_tag","embeddable":true,"href":"https:\/\/encuentroinformativo.com.mx\/index.php?rest_route=%2Fwp%2Fv2%2Ftags&post=59503"}],"curies":[{"name":"wp","href":"https:\/\/api.w.org\/{rel}","templated":true}]}}