{"id":59516,"date":"2024-10-14T19:22:55","date_gmt":"2024-10-15T01:22:55","guid":{"rendered":"https:\/\/encuentroinformativo.com.mx\/?p=59516"},"modified":"2024-10-14T19:23:00","modified_gmt":"2024-10-15T01:23:00","slug":"se-registro-incendio-en-departamento-en-el-olmo","status":"publish","type":"post","link":"https:\/\/encuentroinformativo.com.mx\/?p=59516","title":{"rendered":"Se registr\u00f3 incendio en departamento en El Olmo"},"content":{"rendered":"\n<p><strong>Dar\u00edo Pale <\/strong><\/p>\n\n\n\n<p>Xalapa, Ver.- La tarde de este lunes se registr\u00f3 un incendio en un departamento de Balcones de Xalapa, de la colonia El Olmo, afortunadamente no hubo personas lesionadas solo da\u00f1os materiales.<\/p>\n\n\n\n<p>Aproximadamente a las 16:00 horas de este lunes un departamento se incendi\u00f3 en el fraccionamiento Balcones de Xalapa, de la colonia El Olmo en la capital veracruzana, por lo que los vecinos al notar que sal\u00eda humo de la propiedad, solicitaron el apoyo de los cuerpos de emergencia.<\/p>\n\n\n\n<p>Afortunadamente no se reportaron personas lesionadas, ya que de acuerdo con algunos vecinos no hab\u00eda nadie al interior y quienes viven en departamentos adjuntos salieron para evitar cualquier riesgo.<\/p>\n\n\n\n<p>Los hechos se registraron en la calle Principal de la unidad habitacional, ubicada en la zona sur de la ciudad de Xalapa, Veracruz, lugar al que arribaron los elementos de seguridad p\u00fablica del estado al igual que elementos del bomberos para atender la emergencia.<\/p>\n\n\n\n<p>Los testigos comentaron que el departamento est\u00e1 entre los m\u00f3dulos 37 y 38, donde creen que pudo haber sido un corto circuito lo que ocasion\u00f3 el incendio dentro de la propiedad.<\/p>\n\n\n\n<p>Cuando llegaron los cuerpos de emergencia, tuvieron que romper una parte de la pared y as\u00ed poder atacar el fuego, el cual qued\u00f3 controlado casi de forma inmediata sin que pasara a mayores.\u00a0<\/p>\n\n\n\n<figure class=\"wp-block-image size-large\"><img loading=\"lazy\" decoding=\"async\" width=\"1024\" height=\"461\" src=\"https:\/\/encuentroinformativo.com.mx\/wp-content\/uploads\/2024\/10\/1000405155-1024x461.jpg\" alt=\"\" class=\"wp-image-59518\" srcset=\"https:\/\/encuentroinformativo.com.mx\/wp-content\/uploads\/2024\/10\/1000405155-1024x461.jpg 1024w, https:\/\/encuentroinformativo.com.mx\/wp-content\/uploads\/2024\/10\/1000405155-300x135.jpg 300w, https:\/\/encuentroinformativo.com.mx\/wp-content\/uploads\/2024\/10\/1000405155-768x346.jpg 768w, https:\/\/encuentroinformativo.com.mx\/wp-content\/uploads\/2024\/10\/1000405155-1536x691.jpg 1536w, https:\/\/encuentroinformativo.com.mx\/wp-content\/uploads\/2024\/10\/1000405155.jpg 1600w\" sizes=\"auto, (max-width: 1024px) 100vw, 1024px\" \/><\/figure>\n","protected":false},"excerpt":{"rendered":"<p>Dar\u00edo Pale Xalapa, Ver.- La tarde de este lunes se registr\u00f3 un incendio en un departamento de Balcones de Xalapa, de la colonia El Olmo, afortunadamente no hubo personas lesionadas solo da\u00f1os materiales. Aproximadamente a las 16:00 horas de este lunes un departamento se incendi\u00f3 en el fraccionamiento Balcones de Xalapa, de la colonia El [&hellip;]<\/p>\n","protected":false},"author":2476,"featured_media":59517,"comment_status":"open","ping_status":"open","sticky":false,"template":"","format":"standard","meta":{"_jetpack_memberships_contains_paid_content":false,"footnotes":""},"categories":[3],"tags":[],"class_list":["post-59516","post","type-post","status-publish","format-standard","has-post-thumbnail","hentry","category-xalapa"],"jetpack_featured_media_url":"https:\/\/encuentroinformativo.com.mx\/wp-content\/uploads\/2024\/10\/IMG-20241014-WA0119.jpg","jetpack_sharing_enabled":true,"jetpack_likes_enabled":true,"amp_enabled":true,"_links":{"self":[{"href":"https:\/\/encuentroinformativo.com.mx\/index.php?rest_route=\/wp\/v2\/posts\/59516","targetHints":{"allow":["GET"]}}],"collection":[{"href":"https:\/\/encuentroinformativo.com.mx\/index.php?rest_route=\/wp\/v2\/posts"}],"about":[{"href":"https:\/\/encuentroinformativo.com.mx\/index.php?rest_route=\/wp\/v2\/types\/post"}],"author":[{"embeddable":true,"href":"https:\/\/encuentroinformativo.com.mx\/index.php?rest_route=\/wp\/v2\/users\/2476"}],"replies":[{"embeddable":true,"href":"https:\/\/encuentroinformativo.com.mx\/index.php?rest_route=%2Fwp%2Fv2%2Fcomments&post=59516"}],"version-history":[{"count":1,"href":"https:\/\/encuentroinformativo.com.mx\/index.php?rest_route=\/wp\/v2\/posts\/59516\/revisions"}],"predecessor-version":[{"id":59519,"href":"https:\/\/encuentroinformativo.com.mx\/index.php?rest_route=\/wp\/v2\/posts\/59516\/revisions\/59519"}],"wp:featuredmedia":[{"embeddable":true,"href":"https:\/\/encuentroinformativo.com.mx\/index.php?rest_route=\/wp\/v2\/media\/59517"}],"wp:attachment":[{"href":"https:\/\/encuentroinformativo.com.mx\/index.php?rest_route=%2Fwp%2Fv2%2Fmedia&parent=59516"}],"wp:term":[{"taxonomy":"category","embeddable":true,"href":"https:\/\/encuentroinformativo.com.mx\/index.php?rest_route=%2Fwp%2Fv2%2Fcategories&post=59516"},{"taxonomy":"post_tag","embeddable":true,"href":"https:\/\/encuentroinformativo.com.mx\/index.php?rest_route=%2Fwp%2Fv2%2Ftags&post=59516"}],"curies":[{"name":"wp","href":"https:\/\/api.w.org\/{rel}","templated":true}]}}