{"id":59528,"date":"2024-10-15T12:21:36","date_gmt":"2024-10-15T18:21:36","guid":{"rendered":"https:\/\/encuentroinformativo.com.mx\/?p=59528"},"modified":"2024-10-15T12:21:42","modified_gmt":"2024-10-15T18:21:42","slug":"dos-de-los-seis-cuerpos-encontrados-en-camioneta-abandonada-en-culiacan-son-de-veracruzanos","status":"publish","type":"post","link":"https:\/\/encuentroinformativo.com.mx\/?p=59528","title":{"rendered":"Dos de los seis cuerpos encontrados en camioneta abandonada en Culiac\u00e1n son de veracruzanos"},"content":{"rendered":"\n<p><strong>Alejandro \u00c1vila<\/strong><\/p>\n\n\n\n<p>Veracruz, Ver.- Las autoridades del Estado de Sinaloa confirmaron que dos de los seis cuerpos encontrados el pasado 27 de septiembre en una camioneta abandonada en el municipio de Culiac\u00e1n, fueron identificados y corresponden a dos sujetos originarios del Estado de Veracruz.<\/p>\n\n\n\n<p>Seg\u00fan las fichas emitidas por la Comisi\u00f3n Estatal de B\u00fasqueda de Veracruz, se trata de Jos\u00e9 Francisco Hern\u00e1ndez Rodr\u00edguez de 29 a\u00f1os y originario de Minatitl\u00e1n, y Raymundo Rodr\u00edguez Basurto de 44 a\u00f1os y oriundo de Chinameca.<\/p>\n\n\n\n<p>Cabe recordar que los cuerpos de las seis personas fueron encontrados a finales del mes de septiembre en una camioneta Chevrolet color blanca con placas del estado de Oaxaca, la unidad fue abandonada en la calzada Heroico Colegio Militar cerca del pante\u00f3n Jardines de Humaya.<\/p>\n\n\n\n<p>La camioneta estaba pintada con un mensaje en ambos costados, mientras que los cuerpos que aparecieron embolsados, ten\u00edan m\u00faltiples heridas de bala y signos de tortura.<\/p>\n\n\n\n<p>Las fichas de b\u00fasqueda identificadas con los n\u00fameros 24\/SBF-0137U-24SI y 24\/SBF-0138U-24, fueron emitidas el 4 de octubre; los cuerpos ser\u00e1n resguardados por las autoridades ministeriales de Sinaloa hasta que sus familiares acudan hacer el reclamo pertinente de ellos.<\/p>\n\n\n\n<p>La Fiscal\u00eda General del Estado de Sinaloa, encabezada por Claudia Zulema S\u00e1nchez Kondo, ha solicitado el apoyo de la ciudadan\u00eda para contactar a los familiares de las v\u00edctimas y llevar a cabo el proceso de identificaci\u00f3n legal ante el Servicio M\u00e9dico Forense.<\/p>\n","protected":false},"excerpt":{"rendered":"<p>Alejandro \u00c1vila Veracruz, Ver.- Las autoridades del Estado de Sinaloa confirmaron que dos de los seis cuerpos encontrados el pasado 27 de septiembre en una camioneta abandonada en el municipio de Culiac\u00e1n, fueron identificados y corresponden a dos sujetos originarios del Estado de Veracruz. Seg\u00fan las fichas emitidas por la Comisi\u00f3n Estatal de B\u00fasqueda de [&hellip;]<\/p>\n","protected":false},"author":2476,"featured_media":59529,"comment_status":"open","ping_status":"open","sticky":false,"template":"","format":"standard","meta":{"_jetpack_memberships_contains_paid_content":false,"footnotes":""},"categories":[14],"tags":[],"class_list":["post-59528","post","type-post","status-publish","format-standard","has-post-thumbnail","hentry","category-policiaca"],"jetpack_featured_media_url":"https:\/\/encuentroinformativo.com.mx\/wp-content\/uploads\/2024\/10\/IMG-20241015-WA0019.jpg","jetpack_sharing_enabled":true,"jetpack_likes_enabled":true,"amp_enabled":true,"_links":{"self":[{"href":"https:\/\/encuentroinformativo.com.mx\/index.php?rest_route=\/wp\/v2\/posts\/59528","targetHints":{"allow":["GET"]}}],"collection":[{"href":"https:\/\/encuentroinformativo.com.mx\/index.php?rest_route=\/wp\/v2\/posts"}],"about":[{"href":"https:\/\/encuentroinformativo.com.mx\/index.php?rest_route=\/wp\/v2\/types\/post"}],"author":[{"embeddable":true,"href":"https:\/\/encuentroinformativo.com.mx\/index.php?rest_route=\/wp\/v2\/users\/2476"}],"replies":[{"embeddable":true,"href":"https:\/\/encuentroinformativo.com.mx\/index.php?rest_route=%2Fwp%2Fv2%2Fcomments&post=59528"}],"version-history":[{"count":1,"href":"https:\/\/encuentroinformativo.com.mx\/index.php?rest_route=\/wp\/v2\/posts\/59528\/revisions"}],"predecessor-version":[{"id":59530,"href":"https:\/\/encuentroinformativo.com.mx\/index.php?rest_route=\/wp\/v2\/posts\/59528\/revisions\/59530"}],"wp:featuredmedia":[{"embeddable":true,"href":"https:\/\/encuentroinformativo.com.mx\/index.php?rest_route=\/wp\/v2\/media\/59529"}],"wp:attachment":[{"href":"https:\/\/encuentroinformativo.com.mx\/index.php?rest_route=%2Fwp%2Fv2%2Fmedia&parent=59528"}],"wp:term":[{"taxonomy":"category","embeddable":true,"href":"https:\/\/encuentroinformativo.com.mx\/index.php?rest_route=%2Fwp%2Fv2%2Fcategories&post=59528"},{"taxonomy":"post_tag","embeddable":true,"href":"https:\/\/encuentroinformativo.com.mx\/index.php?rest_route=%2Fwp%2Fv2%2Ftags&post=59528"}],"curies":[{"name":"wp","href":"https:\/\/api.w.org\/{rel}","templated":true}]}}