{"id":59531,"date":"2024-10-15T12:24:23","date_gmt":"2024-10-15T18:24:23","guid":{"rendered":"https:\/\/encuentroinformativo.com.mx\/?p=59531"},"modified":"2024-10-15T12:24:29","modified_gmt":"2024-10-15T18:24:29","slug":"desesperado-por-atencion-joven-amenaza-con-arma-blanca-a-medico-del-imss","status":"publish","type":"post","link":"https:\/\/encuentroinformativo.com.mx\/?p=59531","title":{"rendered":"Desesperado por atenci\u00f3n, joven amenaza con arma blanca a m\u00e9dico del IMSS"},"content":{"rendered":"\n<p><strong>Alejandro \u00c1vila<\/strong><\/p>\n\n\n\n<p>Veracruz, Ver.- Desesperado por recibir atenci\u00f3n, un joven amenaz\u00f3 con arma blanca a un m\u00e9dico del Instituto Mexicano del Seguro Social en la sala de espera de la cl\u00ednica 61, la noche de este lunes.<\/p>\n\n\n\n<p>Los hechos se ocurrieron en el \u00e1rea de Urgencias del nosocomio que se ubica sobre la avenida Paseo de los Cedros en el fraccionamiento Floresta del municipio de Veracruz, donde tras el estado de alarma del resto de los pacientes se solicit\u00f3 el apoyo de los elementos de la polic\u00eda.<\/p>\n\n\n\n<p>El muchacho sac\u00f3 un cuchillo de entre sus pertenencias y amenaz\u00f3 a uno de los m\u00e9dicos para que le dieran la atenci\u00f3n m\u00e9dica inmediata, pues presentaba un problema de salud, seg\u00fan mencionaron testigos.<\/p>\n\n\n\n<p>Parte del personal de seguridad privada evacu\u00f3 a los pacientes que se encontraban en la sala de urgencias, mientras que otros intentaron controlar al joven; cu\u00e1ndo llegaron los elementos de la polic\u00eda, el muchacho ya hab\u00eda soltado el cuchillo y se encontraba recostado en el suelo.<\/p>\n\n\n\n<p>Al final los oficiales se retiraron sin mayor novedad y no se lo llevaron detenido, pues pese al hermetismo tanto de los oficiales como de los empleados del sitio, trascendi\u00f3 que lo pasaron a consulta y no procedieron en su contra.<\/p>\n","protected":false},"excerpt":{"rendered":"<p>Alejandro \u00c1vila Veracruz, Ver.- Desesperado por recibir atenci\u00f3n, un joven amenaz\u00f3 con arma blanca a un m\u00e9dico del Instituto Mexicano del Seguro Social en la sala de espera de la cl\u00ednica 61, la noche de este lunes. Los hechos se ocurrieron en el \u00e1rea de Urgencias del nosocomio que se ubica sobre la avenida Paseo [&hellip;]<\/p>\n","protected":false},"author":2476,"featured_media":59532,"comment_status":"open","ping_status":"open","sticky":false,"template":"","format":"standard","meta":{"_jetpack_memberships_contains_paid_content":false,"footnotes":""},"categories":[2],"tags":[],"class_list":["post-59531","post","type-post","status-publish","format-standard","has-post-thumbnail","hentry","category-estado"],"jetpack_featured_media_url":"https:\/\/encuentroinformativo.com.mx\/wp-content\/uploads\/2024\/10\/IMG-20241015-WA0028.jpg","jetpack_sharing_enabled":true,"jetpack_likes_enabled":true,"amp_enabled":true,"_links":{"self":[{"href":"https:\/\/encuentroinformativo.com.mx\/index.php?rest_route=\/wp\/v2\/posts\/59531","targetHints":{"allow":["GET"]}}],"collection":[{"href":"https:\/\/encuentroinformativo.com.mx\/index.php?rest_route=\/wp\/v2\/posts"}],"about":[{"href":"https:\/\/encuentroinformativo.com.mx\/index.php?rest_route=\/wp\/v2\/types\/post"}],"author":[{"embeddable":true,"href":"https:\/\/encuentroinformativo.com.mx\/index.php?rest_route=\/wp\/v2\/users\/2476"}],"replies":[{"embeddable":true,"href":"https:\/\/encuentroinformativo.com.mx\/index.php?rest_route=%2Fwp%2Fv2%2Fcomments&post=59531"}],"version-history":[{"count":1,"href":"https:\/\/encuentroinformativo.com.mx\/index.php?rest_route=\/wp\/v2\/posts\/59531\/revisions"}],"predecessor-version":[{"id":59533,"href":"https:\/\/encuentroinformativo.com.mx\/index.php?rest_route=\/wp\/v2\/posts\/59531\/revisions\/59533"}],"wp:featuredmedia":[{"embeddable":true,"href":"https:\/\/encuentroinformativo.com.mx\/index.php?rest_route=\/wp\/v2\/media\/59532"}],"wp:attachment":[{"href":"https:\/\/encuentroinformativo.com.mx\/index.php?rest_route=%2Fwp%2Fv2%2Fmedia&parent=59531"}],"wp:term":[{"taxonomy":"category","embeddable":true,"href":"https:\/\/encuentroinformativo.com.mx\/index.php?rest_route=%2Fwp%2Fv2%2Fcategories&post=59531"},{"taxonomy":"post_tag","embeddable":true,"href":"https:\/\/encuentroinformativo.com.mx\/index.php?rest_route=%2Fwp%2Fv2%2Ftags&post=59531"}],"curies":[{"name":"wp","href":"https:\/\/api.w.org\/{rel}","templated":true}]}}