{"id":59543,"date":"2024-10-15T10:02:38","date_gmt":"2024-10-15T16:02:38","guid":{"rendered":"https:\/\/encuentroinformativo.com.mx\/?p=59543"},"modified":"2024-10-15T13:03:56","modified_gmt":"2024-10-15T19:03:56","slug":"senala-diputado-que-leyes-secundarias-de-reforma-judicial-estan-llenas-de-errores","status":"publish","type":"post","link":"https:\/\/encuentroinformativo.com.mx\/?p=59543","title":{"rendered":"Se\u00f1ala Diputado que Leyes Secundarias de Reforma Judicial est\u00e1n llenas de errores"},"content":{"rendered":"\n<p><strong>Alejandro \u00c1vila<\/strong><\/p>\n\n\n\n<p>Veracruz, Ver.- El diputado federal por el Partido Acci\u00f3n Nacional, Julen Rementer\u00eda del Puerto conden\u00f3 la aprobaci\u00f3n de los cambios a las leyes secundarias de la Reforma Judicial para reglamentar la elecci\u00f3n de jueces, magistrados y ministros por voto popular, por estar llena de inconsistencias.<\/p>\n\n\n\n<p>\u201cSi la rifa del avi\u00f3n presidencial en el sexenio pasado fue un completo fracaso, \u00bfqu\u00e9 les hace pensar que la rifa de puestos en el Poder Judicial les saldr\u00e1 mejor?. Tenemos una reforma llena de errores, inconsistencias y contradicciones. Peor a\u00fan, de \u201ccopy-paste\u201d, por haber hecho la ley sobre las rodillas\u201d, expres\u00f3.<\/p>\n\n\n\n<p>El legislador veracruzano se\u00f1al\u00f3 que en el mismo p\u00e1rrafo del art\u00edculo 533 y el art\u00edculo 544 en el dictamen de las Leyes Secundarias de la Reforma Judicial, se repiten, y a\u00fan as\u00ed lo votaron los diputados de Morena y aliados.<\/p>\n\n\n\n<p>\u201cEn Acci\u00f3n Nacional, no apoyamos una reforma que naci\u00f3 de una venganza y lo \u00fanico que est\u00e1 ocasionando es la destrucci\u00f3n judicial, el sometimiento y la desaparici\u00f3n de la divisi\u00f3n de poderes. Aprobaron un dictamen lleno de pifias, de errores e incongruencias; bueno, ni siquiera fue le\u00edda y analizada; solo votaron por instrucci\u00f3n\u201d, declar\u00f3.<\/p>\n\n\n\n<p>Rementer\u00eda del Puerto destac\u00f3 que, pese a que se presentaron mociones suspensivas para frenar la discusi\u00f3n porque los argumentos de los dict\u00e1menes ten\u00edan fallas y, adem\u00e1s, porque han llegado a la C\u00e1mara de Diputados varias suspensiones judiciales, la mayor\u00eda del oficialismo se neg\u00f3.<\/p>\n\n\n\n<p>\u201cTodo lo que hace este r\u00e9gimen es un completo circo, saben que hay errores y les urge que las leyes secundarias queden aprobadas en menos de 48 horas sin corregir como se debe. No les bast\u00f3 con el show que hicieron el s\u00e1bado, con un proceso donde jueces y magistrados son removidos al azar, porque piensan que la justicia depende de una rifa\u201d, concluy\u00f3.<\/p>\n","protected":false},"excerpt":{"rendered":"<p>Alejandro \u00c1vila Veracruz, Ver.- El diputado federal por el Partido Acci\u00f3n Nacional, Julen Rementer\u00eda del Puerto conden\u00f3 la aprobaci\u00f3n de los cambios a las leyes secundarias de la Reforma Judicial para reglamentar la elecci\u00f3n de jueces, magistrados y ministros por voto popular, por estar llena de inconsistencias. \u201cSi la rifa del avi\u00f3n presidencial en el [&hellip;]<\/p>\n","protected":false},"author":2476,"featured_media":59544,"comment_status":"open","ping_status":"open","sticky":false,"template":"","format":"standard","meta":{"_jetpack_memberships_contains_paid_content":false,"footnotes":""},"categories":[12],"tags":[],"class_list":["post-59543","post","type-post","status-publish","format-standard","has-post-thumbnail","hentry","category-nacional"],"jetpack_featured_media_url":"https:\/\/encuentroinformativo.com.mx\/wp-content\/uploads\/2024\/10\/IMG-20241015-WA00532.jpg","jetpack_sharing_enabled":true,"jetpack_likes_enabled":true,"amp_enabled":true,"_links":{"self":[{"href":"https:\/\/encuentroinformativo.com.mx\/index.php?rest_route=\/wp\/v2\/posts\/59543","targetHints":{"allow":["GET"]}}],"collection":[{"href":"https:\/\/encuentroinformativo.com.mx\/index.php?rest_route=\/wp\/v2\/posts"}],"about":[{"href":"https:\/\/encuentroinformativo.com.mx\/index.php?rest_route=\/wp\/v2\/types\/post"}],"author":[{"embeddable":true,"href":"https:\/\/encuentroinformativo.com.mx\/index.php?rest_route=\/wp\/v2\/users\/2476"}],"replies":[{"embeddable":true,"href":"https:\/\/encuentroinformativo.com.mx\/index.php?rest_route=%2Fwp%2Fv2%2Fcomments&post=59543"}],"version-history":[{"count":1,"href":"https:\/\/encuentroinformativo.com.mx\/index.php?rest_route=\/wp\/v2\/posts\/59543\/revisions"}],"predecessor-version":[{"id":59545,"href":"https:\/\/encuentroinformativo.com.mx\/index.php?rest_route=\/wp\/v2\/posts\/59543\/revisions\/59545"}],"wp:featuredmedia":[{"embeddable":true,"href":"https:\/\/encuentroinformativo.com.mx\/index.php?rest_route=\/wp\/v2\/media\/59544"}],"wp:attachment":[{"href":"https:\/\/encuentroinformativo.com.mx\/index.php?rest_route=%2Fwp%2Fv2%2Fmedia&parent=59543"}],"wp:term":[{"taxonomy":"category","embeddable":true,"href":"https:\/\/encuentroinformativo.com.mx\/index.php?rest_route=%2Fwp%2Fv2%2Fcategories&post=59543"},{"taxonomy":"post_tag","embeddable":true,"href":"https:\/\/encuentroinformativo.com.mx\/index.php?rest_route=%2Fwp%2Fv2%2Ftags&post=59543"}],"curies":[{"name":"wp","href":"https:\/\/api.w.org\/{rel}","templated":true}]}}