{"id":59552,"date":"2024-10-15T17:33:46","date_gmt":"2024-10-15T23:33:46","guid":{"rendered":"https:\/\/encuentroinformativo.com.mx\/?p=59552"},"modified":"2024-10-15T17:33:55","modified_gmt":"2024-10-15T23:33:55","slug":"respetamos-la-libertad-de-expresion-fernando-yunes","status":"publish","type":"post","link":"https:\/\/encuentroinformativo.com.mx\/?p=59552","title":{"rendered":"Respetamos la libertad de expresi\u00f3n: Fernando Yunes"},"content":{"rendered":"\n<p><strong>Dar\u00edo Pale <\/strong><\/p>\n\n\n\n<p>Xalapa, Ver.- Fernando Yunes M\u00e1rquez rechaz\u00f3 que la decisi\u00f3n de su hermano, el senador Miguel \u00c1ngel Yunes M\u00e1rquez, de aprobar la reforma judicial, le afecte.<\/p>\n\n\n\n<p>En entrevista se\u00f1al\u00f3 que \u00e9l y su familia respetan la libertad de expresi\u00f3n esto tras el repudio que algunos ciudadanos mostraron al exgobernador de Veracruz, Miguel \u00c1ngel Yunes Linares.<\/p>\n\n\n\n<p>&#8220;Ah caray y a m\u00ed por qu\u00e9, no. Primero hay que decir que es una decisi\u00f3n personal, que no veo por qu\u00e9 les afecte tampoco a ellos. Todos los diputados y senadores est\u00e1n en su derecho y el uso de su raz\u00f3n de votar como mejor les convenga&#8221;, se\u00f1al\u00f3.<\/p>\n\n\n\n<p>&#8220;Mira, la libertad de expresi\u00f3n siempre debe de respetarse, se respeta, nosotros somos respetuosos, lo que no se vale y me parece que no es correcto, es cuando hay una agresi\u00f3n, pero no pas\u00f3 nada&#8221;, agreg\u00f3.<\/p>\n\n\n\n<p>Cuestionado si no cree que ese rechazo hacia su padre, quien es el suplente del senador Miguel \u00c1ngel Yunes M\u00e1rquez, es porque vot\u00f3 a favor de la reforma judicial, insisti\u00f3 en que hay libertad de expresi\u00f3n de quienes as\u00ed lo deseen externar.<\/p>\n\n\n\n<p>Asimismo, se le pregunt\u00f3 si no teme que le suceda lo mismo al salir a las calles de Veracruz, respondi\u00f3 que este d\u00eda lleg\u00f3 caminando por las calles del centro de Xalapa.<\/p>\n\n\n\n<p>&#8220;Y lo que he recibido son saludos de gente que hace muchos a\u00f1os me saluda, yo vivo en Veracruz, todos los d\u00edas salgo a dejar a mis hijos a la escuela, a trabajar, a la calle, al caf\u00e9 y no he recibido nada, m\u00e1s que el cari\u00f1o de mucha gente&#8221;, destac\u00f3.<\/p>\n\n\n\n<p>Yunes M\u00e1rquez dej\u00f3 en claro que se pronunciar\u00e1 de las decisiones que tome al interior del Congreso del Estado a partir del 5 de noviembre.<\/p>\n\n\n\n<p>&#8220;Es como si me pidieras que me pronuncie a favor de Trump o de Kamala Harris&#8230; cuando t\u00fa eres un funcionario electo no puedes opinar de manera personal, a m\u00ed no me corresponde. Es un tema que les correspondi\u00f3 a los diputados federales, a los senadores&#8221;, subray\u00f3.<\/p>\n\n\n\n<p>Insisti\u00f3 en que a \u00e9l le corresponder\u00e1 analizar lo que llegue a la Legislatura local a partir del 5 de noviembre.<\/p>\n\n\n\n<p>Fernando Yunes M\u00e1rquez, hizo votos porque la pr\u00f3xima legislatura sea plural y que Morena, que tiene la mayor\u00eda, respete a las minor\u00edas.<br>Finalmente, dijo que no se sumar\u00e1 a la bancada de Morena, ya que fue electo por Acci\u00f3n Nacional.<\/p>\n","protected":false},"excerpt":{"rendered":"<p>Dar\u00edo Pale Xalapa, Ver.- Fernando Yunes M\u00e1rquez rechaz\u00f3 que la decisi\u00f3n de su hermano, el senador Miguel \u00c1ngel Yunes M\u00e1rquez, de aprobar la reforma judicial, le afecte. En entrevista se\u00f1al\u00f3 que \u00e9l y su familia respetan la libertad de expresi\u00f3n esto tras el repudio que algunos ciudadanos mostraron al exgobernador de Veracruz, Miguel \u00c1ngel Yunes [&hellip;]<\/p>\n","protected":false},"author":2476,"featured_media":59553,"comment_status":"open","ping_status":"open","sticky":false,"template":"","format":"standard","meta":{"_jetpack_memberships_contains_paid_content":false,"footnotes":""},"categories":[2],"tags":[],"class_list":["post-59552","post","type-post","status-publish","format-standard","has-post-thumbnail","hentry","category-estado"],"jetpack_featured_media_url":"https:\/\/encuentroinformativo.com.mx\/wp-content\/uploads\/2024\/10\/IMG-20241015-WA0078.jpg","jetpack_sharing_enabled":true,"jetpack_likes_enabled":true,"amp_enabled":true,"_links":{"self":[{"href":"https:\/\/encuentroinformativo.com.mx\/index.php?rest_route=\/wp\/v2\/posts\/59552","targetHints":{"allow":["GET"]}}],"collection":[{"href":"https:\/\/encuentroinformativo.com.mx\/index.php?rest_route=\/wp\/v2\/posts"}],"about":[{"href":"https:\/\/encuentroinformativo.com.mx\/index.php?rest_route=\/wp\/v2\/types\/post"}],"author":[{"embeddable":true,"href":"https:\/\/encuentroinformativo.com.mx\/index.php?rest_route=\/wp\/v2\/users\/2476"}],"replies":[{"embeddable":true,"href":"https:\/\/encuentroinformativo.com.mx\/index.php?rest_route=%2Fwp%2Fv2%2Fcomments&post=59552"}],"version-history":[{"count":1,"href":"https:\/\/encuentroinformativo.com.mx\/index.php?rest_route=\/wp\/v2\/posts\/59552\/revisions"}],"predecessor-version":[{"id":59554,"href":"https:\/\/encuentroinformativo.com.mx\/index.php?rest_route=\/wp\/v2\/posts\/59552\/revisions\/59554"}],"wp:featuredmedia":[{"embeddable":true,"href":"https:\/\/encuentroinformativo.com.mx\/index.php?rest_route=\/wp\/v2\/media\/59553"}],"wp:attachment":[{"href":"https:\/\/encuentroinformativo.com.mx\/index.php?rest_route=%2Fwp%2Fv2%2Fmedia&parent=59552"}],"wp:term":[{"taxonomy":"category","embeddable":true,"href":"https:\/\/encuentroinformativo.com.mx\/index.php?rest_route=%2Fwp%2Fv2%2Fcategories&post=59552"},{"taxonomy":"post_tag","embeddable":true,"href":"https:\/\/encuentroinformativo.com.mx\/index.php?rest_route=%2Fwp%2Fv2%2Ftags&post=59552"}],"curies":[{"name":"wp","href":"https:\/\/api.w.org\/{rel}","templated":true}]}}