{"id":59555,"date":"2024-10-15T17:41:59","date_gmt":"2024-10-15T23:41:59","guid":{"rendered":"https:\/\/encuentroinformativo.com.mx\/?p=59555"},"modified":"2024-10-15T17:42:04","modified_gmt":"2024-10-15T23:42:04","slug":"acusan-transportistas-que-son-victimas-de-abusos-por-parte-de-gruas","status":"publish","type":"post","link":"https:\/\/encuentroinformativo.com.mx\/?p=59555","title":{"rendered":"Acusan transportistas que son v\u00edctimas de abusos por parte de gr\u00faas"},"content":{"rendered":"\n<p><strong>Dar\u00edo Pale <\/strong><\/p>\n\n\n\n<p>Xalapa, Ver.- El presidente del Sindicato Estatal de Trabajadores y Empleados de la Industria de Transporte en General Similares y Conexos, V\u00edctor Herminio Gonz\u00e1lez Rivera, denunci\u00f3 que este sector es v\u00edctima de abusos por parte de polic\u00edas estatales y por las gr\u00faas.\u00a0<\/p>\n\n\n\n<p>En rueda de prensa, explic\u00f3 que hay abuso por parte de las gr\u00faas, pues asegur\u00f3 que les piden hasta 15 mil pesos por la liberaci\u00f3n de las unidades\u00a0<\/p>\n\n\n\n<p>Y es que dijo que se trata de un exceso pues la estancia por d\u00eda en el corral\u00f3n es de cien pesos y el arrastre de los veh\u00edculos el cobro es de mil 250 pesos.\u00a0<\/p>\n\n\n\n<p>Aunado a lo anterior, expuso que adem\u00e1s hay abuso de autoridad por parte de polic\u00edas e incluso hay denuncias contra \u00e9stos.\u00a0<\/p>\n\n\n\n<p>Asimismo agreg\u00f3 tambi\u00e9n que hay un aumento de detenciones arbitrarias, pues buscan ingresar las unidades a los corralones.\u00a0<\/p>\n\n\n\n<p>Precis\u00f3 que de 2 a 3 integrantes de esta agrupaci\u00f3n diariamente son v\u00edctimas de estos abusos.\u00a0<\/p>\n\n\n\n<p>Por \u00faltimo, indic\u00f3 que este gremio ha solicitado una reuni\u00f3n con el Secretario de Seguridad P\u00fablica, sin embargo no han sido atendidos.<\/p>\n","protected":false},"excerpt":{"rendered":"<p>Dar\u00edo Pale Xalapa, Ver.- El presidente del Sindicato Estatal de Trabajadores y Empleados de la Industria de Transporte en General Similares y Conexos, V\u00edctor Herminio Gonz\u00e1lez Rivera, denunci\u00f3 que este sector es v\u00edctima de abusos por parte de polic\u00edas estatales y por las gr\u00faas.\u00a0 En rueda de prensa, explic\u00f3 que hay abuso por parte de [&hellip;]<\/p>\n","protected":false},"author":2476,"featured_media":59556,"comment_status":"open","ping_status":"open","sticky":false,"template":"","format":"standard","meta":{"_jetpack_memberships_contains_paid_content":false,"footnotes":""},"categories":[2],"tags":[],"class_list":["post-59555","post","type-post","status-publish","format-standard","has-post-thumbnail","hentry","category-estado"],"jetpack_featured_media_url":"https:\/\/encuentroinformativo.com.mx\/wp-content\/uploads\/2024\/10\/IMG-20241015-WA0097.jpg","jetpack_sharing_enabled":true,"jetpack_likes_enabled":true,"amp_enabled":true,"_links":{"self":[{"href":"https:\/\/encuentroinformativo.com.mx\/index.php?rest_route=\/wp\/v2\/posts\/59555","targetHints":{"allow":["GET"]}}],"collection":[{"href":"https:\/\/encuentroinformativo.com.mx\/index.php?rest_route=\/wp\/v2\/posts"}],"about":[{"href":"https:\/\/encuentroinformativo.com.mx\/index.php?rest_route=\/wp\/v2\/types\/post"}],"author":[{"embeddable":true,"href":"https:\/\/encuentroinformativo.com.mx\/index.php?rest_route=\/wp\/v2\/users\/2476"}],"replies":[{"embeddable":true,"href":"https:\/\/encuentroinformativo.com.mx\/index.php?rest_route=%2Fwp%2Fv2%2Fcomments&post=59555"}],"version-history":[{"count":1,"href":"https:\/\/encuentroinformativo.com.mx\/index.php?rest_route=\/wp\/v2\/posts\/59555\/revisions"}],"predecessor-version":[{"id":59557,"href":"https:\/\/encuentroinformativo.com.mx\/index.php?rest_route=\/wp\/v2\/posts\/59555\/revisions\/59557"}],"wp:featuredmedia":[{"embeddable":true,"href":"https:\/\/encuentroinformativo.com.mx\/index.php?rest_route=\/wp\/v2\/media\/59556"}],"wp:attachment":[{"href":"https:\/\/encuentroinformativo.com.mx\/index.php?rest_route=%2Fwp%2Fv2%2Fmedia&parent=59555"}],"wp:term":[{"taxonomy":"category","embeddable":true,"href":"https:\/\/encuentroinformativo.com.mx\/index.php?rest_route=%2Fwp%2Fv2%2Fcategories&post=59555"},{"taxonomy":"post_tag","embeddable":true,"href":"https:\/\/encuentroinformativo.com.mx\/index.php?rest_route=%2Fwp%2Fv2%2Ftags&post=59555"}],"curies":[{"name":"wp","href":"https:\/\/api.w.org\/{rel}","templated":true}]}}